{"id":117994,"date":"2025-05-21T23:03:11","date_gmt":"2025-05-21T23:03:11","guid":{"rendered":"https:\/\/www.europesays.com\/fr\/117994\/"},"modified":"2025-05-21T23:03:11","modified_gmt":"2025-05-21T23:03:11","slug":"openai-va-lancer-des-produits-des-produits-et-des-produits","status":"publish","type":"post","link":"https:\/\/www.europesays.com\/fr\/117994\/","title":{"rendered":"OpenAI va lancer \u00ab\u2009des produits, des produits et des produits\u2009\u00bb"},"content":{"rendered":"<p>OpenAI va d\u00e9bourser 6,5\u00a0milliards pour racheter Io, la myst\u00e9rieuse startup de Jony Ive, l\u2019ancien designer en chef d\u2019Apple. Le but\u00a0: lancer plein de produits boost\u00e9s par l\u2019IA.<\/p>\n<p><a target=\"_blank\" href=\"https:\/\/images.frandroid.com\/wp-content\/uploads\/2025\/01\/openai.jpg\" class=\"article-content__figure\" rel=\"noopener\"><img fetchpriority=\"high\" decoding=\"async\" loading=\"eager\" width=\"1200\" height=\"675\" src=\"https:\/\/www.europesays.com\/fr\/wp-content\/uploads\/2025\/05\/openai-1200x675-1.jpg\" alt=\"\" class=\"wp-image-2478882 wp-image wp-image\"  \/><\/a><\/p>\n<p>OpenAI, l\u2019entreprise derri\u00e8re <a href=\"https:\/\/www.frandroid.com\/telecharger\/apps\/openai-chatgpt\" target=\"_blank\" rel=\"noopener\">ChatGPT<\/a>, va d\u00e9bourser 6,5\u00a0milliards de dollars pour racheter une startup sp\u00e9cialis\u00e9e dans l\u2019intelligence artificielle. L\u2019information nous vient du journaliste Mark Gurman de l\u2019agence <a target=\"_blank\" href=\"https:\/\/www.bloomberg.com\/news\/articles\/2025-05-21\/openai-to-buy-apple-veteran-jony-ive-s-ai-device-startup-in-6-5-billion-deal\" rel=\"noopener\">Bloomberg<\/a>.<\/p>\n<p>La startup en question s\u2019appelle Io et est au demeurant tr\u00e8s discr\u00e8te. Et, surprise, elle a \u00e9t\u00e9 cr\u00e9\u00e9e par le tr\u00e8s c\u00e9l\u00e8bre Jony Ive, ancien membre de la direction d\u2019Apple charg\u00e9 du design des produits de la marque \u00e0 la pomme.<\/p>\n<blockquote class=\"bluesky-embed\" data-bluesky-uri=\"at:\/\/did:plc:5c23kkbtkdyezymg4hn5x5rr\/app.bsky.feed.post\/3lpp3ckazfc2c\" data-bluesky-cid=\"bafyreianam3ekfyj343nzira3zgyj4ncstfzieiccjl3p44ti6eozjfvf4\">\n<p lang=\"en\">BREAKING: OpenAI is buying Jony Ive\u2019s secret AI company io for $6.5 Billion and will develop a slew of devices. Ive, in his return to hardware, and LoveFrom will oversee OpenAI design. All the details, including interviews with Ive, Sam Altman &amp; others \u2014 www.bloomberg.com\/news\/article\u2026<\/p>\n<p>\u2014 <a href=\"https:\/\/bsky.app\/profile\/did:plc:5c23kkbtkdyezymg4hn5x5rr?ref_src=embed\" target=\"_blank\" rel=\"noopener\">Mark Gurman (@markgurman.bsky.social)<\/a> <a href=\"https:\/\/bsky.app\/profile\/did:plc:5c23kkbtkdyezymg4hn5x5rr\/post\/3lpp3ckazfc2c?ref_src=embed\" target=\"_blank\" rel=\"noopener\">2025-05-21T17:01:30.226Z<\/a><\/p><\/blockquote>\n<p>                Ce contenu est bloqu\u00e9 car vous n\u2019avez pas accept\u00e9 les cookies et autres traceurs. Ce contenu est fourni par Bluesky Social.<br \/>Pour pouvoir le visualiser, vous devez accepter l\u2019usage \u00e9tant op\u00e9r\u00e9 par Bluesky Social avec vos donn\u00e9es qui pourront \u00eatre utilis\u00e9es pour les finalit\u00e9s suivantes : vous permettre de visualiser et de partager des contenus avec des m\u00e9dias sociaux, favoriser le d\u00e9veloppement et l\u2019am\u00e9lioration des produits d\u2019Humanoid et de ses partenaires, vous afficher des publicit\u00e9s personnalis\u00e9es par rapport \u00e0 votre profil et activit\u00e9, vous d\u00e9finir un profil publicitaire personnalis\u00e9, mesurer la performance des publicit\u00e9s et du contenu de ce site et mesurer l\u2019audience de ce site <a href=\"#\" class=\"js-privacy\" target=\"_blank\">(en savoir plus)<\/a>            <\/p>\n<p>                En cliquant sur \u00ab J\u2019accepte tout \u00bb, vous consentez aux finalit\u00e9s susmentionn\u00e9es pour l\u2019ensemble des cookies et autres traceurs d\u00e9pos\u00e9s par Humanoid et <a class=\"embed-consent-overlay-vendors-link\" href=\"#preferences-vendeurs\">ses partenaires<\/a>.            <\/p>\n<p>                Vous gardez la possibilit\u00e9 de retirer votre consentement \u00e0 tout moment. Pour plus d\u2019informations, nous vous invitons \u00e0 prendre connaissance de notre <a href=\"https:\/\/www.frandroid.com\/politique-cookies\" target=\"_blank\" rel=\"noopener\">Politique cookies<\/a>.            <\/p>\n<p>            J\u2019accepte tout        <\/p>\n<p class=\"embed-consent-overlay-manage-choices\">            <a href=\"#preferences-publicitaires\">G\u00e9rer mes choix<\/a>        <\/p>\n<p>Bloomberg souligne qu\u2019il s\u2019agit de l\u2019acquisition la plus importante de l\u2019histoire d\u2019OpenAI. <\/p>\n<p>Plein d\u2019appareils dop\u00e9s \u00e0 l\u2019IA<\/p>\n<p>Avec ce rachat, OpenAI va donc s\u2019associer \u00e0 Jony Ive dans le but de cr\u00e9er des appareils propuls\u00e9s par l\u2019IA. Cela vient appuyer <a href=\"https:\/\/www.frandroid.com\/culture-tech\/intelligence-artificielle\/openai-chatgpt\/2574981_un-smartphone-sans-ecran-et-100-chatgpt-le-drole-de-projet-dopenai-et-dune-ancienne-gloire-dapple\" target=\"_blank\" rel=\"noopener\">la piste d\u2019un smartphone sans \u00e9cran et 100\u00a0% ChatGPT<\/a> dont on a d\u00e9j\u00e0 entendu parler r\u00e9cemment.<\/p>\n<p>Notez d\u2019ailleurs que Jony Ive est accompagn\u00e9 d\u2019autres anciens designers d\u2019Apple. L\u2019objectif semble donc de trouver la recette parfaite pour susciter un engouement similaire \u00e0 celui d\u2019un produit aussi embl\u00e9matique que l\u2019<a href=\"https:\/\/www.frandroid.com\/guide-dachat\/smartphones\/705312_guide-meilleur-iphone-bien-choisir\" target=\"_blank\" rel=\"noopener\">iPhone<\/a>.<\/p>\n<p>De grandes promesses<\/p>\n<p>\u00ab J\u2019ai de plus en plus le sentiment que tout ce que j\u2019ai appris au cours des 30 derni\u00e8res ann\u00e9es m\u2019a conduit \u00e0 cet endroit et \u00e0 ce moment \u00bb, affirme Jony Ive lors d\u2019une interview conjointe avec Sam Altman, patron d\u2019OpenAI dans des propos rapport\u00e9s par Bloomberg. Le designer poursuit en expliquant que ce partenariat \u00ab va donner naissance \u00e0 des produits, des produits et des produits \u00bb. Comprenez : beaucoup d\u2019appareils devraient voir le jour.<\/p>\n<p>De son c\u00f4t\u00e9, Sam Altman pr\u00e9dit des produits d\u2019un niveau de qualit\u00e9 \u00ab jamais atteint auparavant dans le domaine du mat\u00e9riel grand public \u00bb.<\/p>\n<blockquote class=\"wp-block-quote is-layout-flow wp-block-quote-is-layout-flow\">\n<p>L\u2019IA repr\u00e9sente un tel bond en avant en termes de possibilit\u00e9s qu\u2019elle n\u00e9cessite un nouveau type de facteur de forme informatique pour en tirer le potentiel maximum.<\/p>\n<\/blockquote>\n<p>Ce rachat d\u2019Io par OpenAI devrait \u00eatre finalis\u00e9 dans le courant de l\u2019\u00e9t\u00e9 sous contr\u00f4le des autorit\u00e9s de r\u00e9gulation de la concurrence.<\/p>\n","protected":false},"excerpt":{"rendered":"OpenAI va d\u00e9bourser 6,5\u00a0milliards pour racheter Io, la myst\u00e9rieuse startup de Jony Ive, l\u2019ancien designer en chef d\u2019Apple.&hellip;\n","protected":false},"author":2,"featured_media":117995,"comment_status":"","ping_status":"","sticky":false,"template":"","format":"standard","meta":{"footnotes":""},"categories":[7],"tags":[270,1011,27,6167,43,40,41,39,42,44],"class_list":{"0":"post-117994","1":"post","2":"type-post","3":"status-publish","4":"format-standard","5":"has-post-thumbnail","7":"category-sciences-et-technologies","8":"tag-breaking","9":"tag-fr","10":"tag-france","11":"tag-jony-ive","12":"tag-science","13":"tag-science-and-technology","14":"tag-sciences","15":"tag-sciences-et-technologies","16":"tag-technologies","17":"tag-technology"},"share_on_mastodon":{"url":"https:\/\/pubeurope.com\/@fr\/114548323399400489","error":""},"_links":{"self":[{"href":"https:\/\/www.europesays.com\/fr\/wp-json\/wp\/v2\/posts\/117994","targetHints":{"allow":["GET"]}}],"collection":[{"href":"https:\/\/www.europesays.com\/fr\/wp-json\/wp\/v2\/posts"}],"about":[{"href":"https:\/\/www.europesays.com\/fr\/wp-json\/wp\/v2\/types\/post"}],"author":[{"embeddable":true,"href":"https:\/\/www.europesays.com\/fr\/wp-json\/wp\/v2\/users\/2"}],"replies":[{"embeddable":true,"href":"https:\/\/www.europesays.com\/fr\/wp-json\/wp\/v2\/comments?post=117994"}],"version-history":[{"count":0,"href":"https:\/\/www.europesays.com\/fr\/wp-json\/wp\/v2\/posts\/117994\/revisions"}],"wp:featuredmedia":[{"embeddable":true,"href":"https:\/\/www.europesays.com\/fr\/wp-json\/wp\/v2\/media\/117995"}],"wp:attachment":[{"href":"https:\/\/www.europesays.com\/fr\/wp-json\/wp\/v2\/media?parent=117994"}],"wp:term":[{"taxonomy":"category","embeddable":true,"href":"https:\/\/www.europesays.com\/fr\/wp-json\/wp\/v2\/categories?post=117994"},{"taxonomy":"post_tag","embeddable":true,"href":"https:\/\/www.europesays.com\/fr\/wp-json\/wp\/v2\/tags?post=117994"}],"curies":[{"name":"wp","href":"https:\/\/api.w.org\/{rel}","templated":true}]}}