{"id":117996,"date":"2025-05-21T23:04:09","date_gmt":"2025-05-21T23:04:09","guid":{"rendered":"https:\/\/www.europesays.com\/fr\/117996\/"},"modified":"2025-05-21T23:04:09","modified_gmt":"2025-05-21T23:04:09","slug":"je-crois-quil-est-tres-mauvais-pour-letat-de-se-meler-de-la-gestion-des-entreprises-privees-liberation","status":"publish","type":"post","link":"https:\/\/www.europesays.com\/fr\/117996\/","title":{"rendered":"\u00abJe crois qu\u2019il est tr\u00e8s mauvais pour l\u2019Etat de se m\u00ealer de la gestion des entreprises priv\u00e9es\u00bb \u2013 Lib\u00e9ration"},"content":{"rendered":"<p class=\"sc-ksZaOG ehjQrN text-element\">Suspendre les investissements de LVMH aux Etats-Unis pour r\u00e9pliquer aux menaces de taxes douani\u00e8res agit\u00e9es par Donald Trump ? L\u2019option n\u2019est pas envisag\u00e9e par Bernard Arnault, au contraire. Profitant de son audition par une commission d\u2019enqu\u00eate s\u00e9natoriale consacr\u00e9e aux aides publiques aux entreprises, le PDG du premier groupe de luxe mondial s\u2019est fendu, mercredi 21 mai, d\u2019un petit message adress\u00e9 en creux au pr\u00e9sident de la R\u00e9publique. Le 3 avril, au lendemain de l\u2019annonce par Donald Trump d\u2019une hausse massive des droits de douane appliqu\u00e9e aux produits europ\u00e9ens import\u00e9s aux Etats-Unis, Emmanuel Macron <a href=\"https:\/\/www.liberation.fr\/politique\/face-aux-droits-de-douane-de-trump-emmanuel-macron-cherche-les-pistes-de-riposte-20250403_Y3VUS2NX2RARPM5FE2254ZLW5U\/\" target=\"_blank\" rel=\"noreferrer noopener\" title=\"https:\/\/www.liberation.fr\/politique\/face-aux-droits-de-douane-de-trump-emmanuel-macron-cherche-les-pistes-de-riposte-20250403_Y3VUS2NX2RARPM5FE2254ZLW5U\/\">avait en effet lanc\u00e9 un appel aux groupes fran\u00e7ais<\/a> : \u00abQuel serait le message d\u2019avoir des grands acteurs europ\u00e9ens qui se mettent \u00e0 investir des milliards d\u2019euros dans l\u2019\u00e9conomie am\u00e9ricaine au moment o\u00f9 ils sont en train de nous taper ?\u00bb Et si le pr\u00e9sident am\u00e9ricain a rapidement annonc\u00e9 la suspension pour trois mois de sa mesure, le d\u00e9bat sur la mani\u00e8re d\u2019y r\u00e9pondre, lui, n\u2019est pas \u00e9teint pour autant.<\/p>\n<p class=\"sc-ksZaOG ehjQrN text-element\">\u00abFaut-il arr\u00eater l\u2019expansion qu\u2019il y avait d\u00e9j\u00e0 [aux Etats-Unis, ndlr] parce qu\u2019on re\u00e7oit des consigne<\/p>\n","protected":false},"excerpt":{"rendered":"Suspendre les investissements de LVMH aux Etats-Unis pour r\u00e9pliquer aux menaces de taxes douani\u00e8res agit\u00e9es par Donald Trump&hellip;\n","protected":false},"author":2,"featured_media":117997,"comment_status":"","ping_status":"","sticky":false,"template":"","format":"standard","meta":{"footnotes":""},"categories":[6],"tags":[3820,35,33,34,1073,1011,27,7484,1004],"class_list":{"0":"post-117996","1":"post","2":"type-post","3":"status-publish","4":"format-standard","5":"has-post-thumbnail","7":"category-economie","8":"tag-bernard-arnault","9":"tag-business","10":"tag-economie","11":"tag-economy","12":"tag-emmanuel-macron","13":"tag-fr","14":"tag-france","15":"tag-lvmh","16":"tag-senat"},"share_on_mastodon":{"url":"https:\/\/pubeurope.com\/@fr\/114548327489763085","error":""},"_links":{"self":[{"href":"https:\/\/www.europesays.com\/fr\/wp-json\/wp\/v2\/posts\/117996","targetHints":{"allow":["GET"]}}],"collection":[{"href":"https:\/\/www.europesays.com\/fr\/wp-json\/wp\/v2\/posts"}],"about":[{"href":"https:\/\/www.europesays.com\/fr\/wp-json\/wp\/v2\/types\/post"}],"author":[{"embeddable":true,"href":"https:\/\/www.europesays.com\/fr\/wp-json\/wp\/v2\/users\/2"}],"replies":[{"embeddable":true,"href":"https:\/\/www.europesays.com\/fr\/wp-json\/wp\/v2\/comments?post=117996"}],"version-history":[{"count":0,"href":"https:\/\/www.europesays.com\/fr\/wp-json\/wp\/v2\/posts\/117996\/revisions"}],"wp:featuredmedia":[{"embeddable":true,"href":"https:\/\/www.europesays.com\/fr\/wp-json\/wp\/v2\/media\/117997"}],"wp:attachment":[{"href":"https:\/\/www.europesays.com\/fr\/wp-json\/wp\/v2\/media?parent=117996"}],"wp:term":[{"taxonomy":"category","embeddable":true,"href":"https:\/\/www.europesays.com\/fr\/wp-json\/wp\/v2\/categories?post=117996"},{"taxonomy":"post_tag","embeddable":true,"href":"https:\/\/www.europesays.com\/fr\/wp-json\/wp\/v2\/tags?post=117996"}],"curies":[{"name":"wp","href":"https:\/\/api.w.org\/{rel}","templated":true}]}}