{"id":118000,"date":"2025-05-21T23:06:13","date_gmt":"2025-05-21T23:06:13","guid":{"rendered":"https:\/\/www.europesays.com\/fr\/118000\/"},"modified":"2025-05-21T23:06:13","modified_gmt":"2025-05-21T23:06:13","slug":"bellamy-nasrou-evren-trois-jours-apres-son-election-a-la-tete-de-lr-retailleau-devoile-la-nouvelle-direction-du-parti","status":"publish","type":"post","link":"https:\/\/www.europesays.com\/fr\/118000\/","title":{"rendered":"Bellamy, Nasrou, Evren&#8230; Trois jours apr\u00e8s son \u00e9lection \u00e0 la t\u00eate de LR, Retailleau d\u00e9voile la nouvelle direction du parti"},"content":{"rendered":"<p>Le ministre de l\u2019Int\u00e9rieur assure dans Le Parisien que son ex-rival dans la bataille pour la pr\u00e9sidence LR, Laurent Wauquiez, a rejet\u00e9 sa proposition de devenir vice-pr\u00e9sident du parti. Une version contest\u00e9e par l\u2019entourage du d\u00e9put\u00e9 de Haute-Loire.<\/p>\n<p class=\"fig-paragraph\">Sit\u00f4t \u00e9lu pr\u00e9sident des R\u00e9publicains (LR),\u00a0<a href=\"http:\/\/www.lefigaro.fr\/politique\/presidentielle-2027-la-poussee-de-retailleau-lance-le-match-avec-philippe-pour-le-second-tour-decouvrez-le-sondage-du-figaro-20250521\" data-fig-type=\"NewsFlash\" data-gtm-custom-categorie=\"navigation\" data-gtm-custom-action=\"crossclick\" data-gtm-custom-label=\"Contextuel\" data-gtm-event=\"customEventSPE\" data-fig-domain=\"LEFIGARO\" target=\"_blank\" rel=\"noopener\">Bruno Retailleau<\/a>\u00a0s\u2019est fix\u00e9 une priorit\u00e9\u00a0: donner au parti une nouvelle direction, et donc une nouvelle impulsion politique. Premi\u00e8re \u00e9tape de ce chantier en deux temps, la nomination d\u2019une \u00ab\u00e9quipe op\u00e9rationnelle et restreinte\u00bb, indique le ministre de l\u2019Int\u00e9rieur mercredi soir dans une interview au\u00a0<a href=\"https:\/\/www.leparisien.fr\/politique\/du-rapport-sur-lentrisme-des-freres-musulmans-a-lavenir-de-lr-bruno-retailleau-devoile-son-plan-21-05-2025-DXHSIWMKHZFDXBJZQS2NDNQENY.php\" target=\"_blank\" rel=\"nofollow noopener\" data-gtm-custom-categorie=\"navigation\" data-gtm-custom-action=\"crossclick\" data-gtm-custom-label=\"Contextuel\" data-gtm-event=\"customEventSPE\">Parisien<\/a> . Apr\u00e8s avoir d\u00e9sign\u00e9, la veille, l\u2019ancien premier ministre\u00a0<a href=\"http:\/\/www.lefigaro.fr\/politique\/bruno-retailleau-annonce-la-nomination-de-michel-barnier-comme-president-du-conseil-national-de-lr-20250520\" data-fig-type=\"NewsFlash\" data-gtm-custom-categorie=\"navigation\" data-gtm-custom-action=\"crossclick\" data-gtm-custom-label=\"Contextuel\" data-gtm-event=\"customEventSPE\" data-fig-domain=\"LEFIGARO\" target=\"_blank\" rel=\"noopener\">Michel Barnier<\/a>\u00a0pr\u00e9sident du Conseil national, le nouvel homme fort de la droite vient d\u2019achever la composition de son \u00e9quipe dirigeante.<\/p>\n<p class=\"fig-paragraph\">Trois jours apr\u00e8s sa tr\u00e8s large victoire \u00e0 la t\u00eate du mouvement, l\u2019ancien patron des s\u00e9nateurs LR fait la part belle \u00e0 sa garde rapproch\u00e9e. Consid\u00e9r\u00e9e comme le num\u00e9ro 2 du parti, la vice-pr\u00e9sidence d\u00e9l\u00e9gu\u00e9e revient \u00e0 l\u2019eurod\u00e9put\u00e9 LR\u00a0<a href=\"http:\/\/www.lefigaro.fr\/vox\/economie\/francois-xavier-bellamy-l-europe-ne-defendra-pas-ses-principes-a-coups-de-formulaires-administratifs-20250521\" data-fig-type=\"Article\" data-gtm-custom-categorie=\"navigation\" data-gtm-custom-action=\"crossclick\" data-gtm-custom-label=\"Contextuel\" data-gtm-event=\"customEventSPE\" data-fig-domain=\"LEFIGARO\" target=\"_blank\" rel=\"noopener\">Fran\u00e7ois-Xavier Bellamy<\/a>. Othman Nasrou, directeur de campagne de Bruno Retailleau pour le scrutin interne, devient secr\u00e9taire g\u00e9n\u00e9ral, en lieu et place d\u2019Annie Genevard, l\u2019actuelle ministre de l\u2019Agriculture, qui avait exprim\u00e9 le souhait de quitter ce poste. La bataille entre Bruno Retailleau et Laurent Wauquiez a beau \u00eatre termin\u00e9e depuis dimanche soir et le sacre de l\u2019h\u00f4te de la place Beauvau, ils s\u2019\u00e9charpent toujours par m\u00e9dias interpos\u00e9s.<\/p>\n<p class=\"fig-body-link\">\n            \u00c0 lire aussi<br \/>\n        <a class=\"fig-body-link__link fig-premium-mark\" href=\"http:\/\/www.lefigaro.fr\/politique\/comment-la-machine-retailleau-se-met-en-place-au-sommet-des-republicains-20250519\" data-fig-type=\"Article\" data-gtm-custom-categorie=\"navigation\" data-gtm-custom-action=\"crossclick\" data-gtm-custom-label=\"Contextuel\" data-gtm-event=\"customEventSPE\" data-fig-domain=\"LEFIGARO\" target=\"_blank\" rel=\"noopener\">Comment la machine Retailleau se met en place au sommet des R\u00e9publicains<br \/>\n    <\/a>\n<\/p>\n<p class=\"fig-paragraph\">En t\u00e9moignent des versions contradictoires sur un entretien entre les deux hommes qui s\u2019est tenu ce mercredi matin. Alors que le patron de LR assure que le d\u00e9put\u00e9 de Haute-Loire, qu\u2019il a largement battu le week-end dernier en rassemblant trois adh\u00e9rents sur quatre du parti, a refus\u00e9 la fonction de vice-pr\u00e9sident des R\u00e9publicains pour \u00abse concentrer\u00bb sur celle \u00abde pr\u00e9sident du groupe \u00e0 l\u2019Assembl\u00e9e nationale\u00bb, l\u2019entourage de Laurent Wauquiez d\u00e9ment aupr\u00e8s du Figaro toute offre de vice-pr\u00e9sident d\u00e9l\u00e9gu\u00e9. \u00abOn attend la suite. Mais ce n\u2019est pas un bon signal \u00e9videmment\u00bb, reconna\u00eet-on \u00e9galement \u00e0 l\u2019AFP. De son c\u00f4t\u00e9,\u00a0<a href=\"http:\/\/www.lefigaro.fr\/politique\/apres-la-large-victoire-de-retailleau-a-la-presidence-lr-le-bloc-central-entre-soulagement-et-mefiance-20250519\" data-fig-type=\"Article\" data-gtm-custom-categorie=\"navigation\" data-gtm-custom-action=\"crossclick\" data-gtm-custom-label=\"Contextuel\" data-gtm-event=\"customEventSPE\" data-fig-domain=\"LEFIGARO\" target=\"_blank\" rel=\"noopener\">Bruno Retailleau<\/a>\u00a0tente de calmer les esprits\u00a0: \u00abIl (Laurent Wauquiez) sera associ\u00e9 dans toutes les instances dirigeantes, comme je l\u2019\u00e9tais d\u2019ailleurs quand j\u2019\u00e9tais pr\u00e9sident du groupe au S\u00e9nat\u00bb, fait-il valoir. M\u00eame tonalit\u00e9 rassurante \u00e0 l\u2019\u00e9gard des proches de son ancien rival, qui s\u2019inqui\u00e8tent d\u2019une direction \u00e0 leurs yeux trop \u00abretailliste\u00bb\u00a0: \u00abIl (Laurent Wauquiez) m\u2019a donn\u00e9 des noms. J\u2019en tiendrai compte pour les nominations \u00e0 venir.\u00bb<\/p>\n<p>Des wauquiezistes d\u00e9j\u00e0 nomm\u00e9s<\/p>\n<p class=\"fig-paragraph\">Avant m\u00eame la prochaine salve, deux proches de l\u2019ancien patron de la r\u00e9gion AURA figurent d\u00e9j\u00e0 dans les premiers choix de Bruno Retailleau\u00a0: le maire de Valence Nicolas Daragon et la vice-pr\u00e9sidente des d\u00e9put\u00e9s LR Justine Gruet, qui seront tous deux secr\u00e9taires g\u00e9n\u00e9raux adjoints. Tout comme Kristell Niasme (la maire de Villeneuve-Saint-Georges (Val-de-Marne) \u00e9lue en f\u00e9vrier face \u00e0 l\u2019Insoumis Louis Boyard), Pierre-Henri Dumont (ancien d\u00e9put\u00e9) et B\u00e9atrice de Montille (\u00e9lue de Lyon).<\/p>\n<p class=\"fig-paragraph\">Comme porte-parole, est nomm\u00e9e la m\u00e9diatique s\u00e9natrice de Paris Agn\u00e8s Evren. Deux adjoints seront \u00e0 ses c\u00f4t\u00e9s\u00a0: sa coll\u00e8gue des Alpes-Maritimes Alexandra Borchio-Fontimp et le vice-pr\u00e9sident de la r\u00e9gion Normandie, Jonas Haddad. Annie Genevard, quant \u00e0 elle, arrive \u00e0 la t\u00eate de la strat\u00e9gique commission nationale d\u2019investiture. Enfin, Pierre Danon est d\u00e9sign\u00e9 tr\u00e9sorier de LR en remplacement de Daniel Fasquelle. Une fonction que le maire du Touquet occupait sa nomination par Nicolas Sarkozy il y a plus de dix ans, \u00e9poque o\u00f9 le parti Les R\u00e9publicains s\u2019appelait encore l\u2019UMP.<\/p>\n","protected":false},"excerpt":{"rendered":"Le ministre de l\u2019Int\u00e9rieur assure dans Le Parisien que son ex-rival dans la bataille pour la pr\u00e9sidence LR,&hellip;\n","protected":false},"author":2,"featured_media":118001,"comment_status":"","ping_status":"","sticky":false,"template":"","format":"standard","meta":{"footnotes":""},"categories":[4],"tags":[11,1013,426,427,422,423,1011,27,418,424,425,420,421,12,419,316,429,25,428],"class_list":{"0":"post-118000","1":"post","2":"type-post","3":"status-publish","4":"format-standard","5":"has-post-thumbnail","7":"category-france","8":"tag-actualites","9":"tag-bruno-retailleau","10":"tag-candidat","11":"tag-candidats","12":"tag-depute","13":"tag-deputes","14":"tag-fr","15":"tag-france","16":"tag-gouvernement","17":"tag-institution","18":"tag-institutions","19":"tag-loi","20":"tag-lois","21":"tag-news","22":"tag-opposition","23":"tag-politique","24":"tag-ps","25":"tag-republique-francaise","26":"tag-ump"},"share_on_mastodon":{"url":"https:\/\/pubeurope.com\/@fr\/114548335141425415","error":""},"_links":{"self":[{"href":"https:\/\/www.europesays.com\/fr\/wp-json\/wp\/v2\/posts\/118000","targetHints":{"allow":["GET"]}}],"collection":[{"href":"https:\/\/www.europesays.com\/fr\/wp-json\/wp\/v2\/posts"}],"about":[{"href":"https:\/\/www.europesays.com\/fr\/wp-json\/wp\/v2\/types\/post"}],"author":[{"embeddable":true,"href":"https:\/\/www.europesays.com\/fr\/wp-json\/wp\/v2\/users\/2"}],"replies":[{"embeddable":true,"href":"https:\/\/www.europesays.com\/fr\/wp-json\/wp\/v2\/comments?post=118000"}],"version-history":[{"count":0,"href":"https:\/\/www.europesays.com\/fr\/wp-json\/wp\/v2\/posts\/118000\/revisions"}],"wp:featuredmedia":[{"embeddable":true,"href":"https:\/\/www.europesays.com\/fr\/wp-json\/wp\/v2\/media\/118001"}],"wp:attachment":[{"href":"https:\/\/www.europesays.com\/fr\/wp-json\/wp\/v2\/media?parent=118000"}],"wp:term":[{"taxonomy":"category","embeddable":true,"href":"https:\/\/www.europesays.com\/fr\/wp-json\/wp\/v2\/categories?post=118000"},{"taxonomy":"post_tag","embeddable":true,"href":"https:\/\/www.europesays.com\/fr\/wp-json\/wp\/v2\/tags?post=118000"}],"curies":[{"name":"wp","href":"https:\/\/api.w.org\/{rel}","templated":true}]}}