{"id":118017,"date":"2025-05-21T23:15:10","date_gmt":"2025-05-21T23:15:10","guid":{"rendered":"https:\/\/www.europesays.com\/fr\/118017\/"},"modified":"2025-05-21T23:15:10","modified_gmt":"2025-05-21T23:15:10","slug":"previsions-du-jeudi-22-mai-2025","status":"publish","type":"post","link":"https:\/\/www.europesays.com\/fr\/118017\/","title":{"rendered":"pr\u00e9visions du jeudi 22 mai 2025"},"content":{"rendered":"<p>Aujourd&rsquo;hui, le thermom\u00e8tre affichera 18\u00b0C en moyenne \u00e0 Montpellier. Un vent de nord-ouest est attendu : il soufflera \u00e0 29 km\/h. Le matin, les Montpelli\u00e9rains vont pouvoir profiter d&rsquo;un soleil radieux. Il fera 17\u00b0C en moyenne. Apr\u00e8s un petit passage nuageux, on annonce une embellie pour cet apr\u00e8s-midi. Les temp\u00e9ratures s&rsquo;\u00e9chelonneront entre 18 et 20\u00b0C. Les valeurs avoisineront les 18\u00b0C au cours de la soir\u00e9e. Le ciel sera limpide dans la nuit de jeudi \u00e0 vendredi.<\/p>\n<p>Un beau soleil est pr\u00e9vu demain \u00e0 Montpellier. Les temp\u00e9ratures afficheront entre 13 et 23\u00b0C. Un vent de nord-ouest, enregistrant 22 km\/h, soufflera. Les valeurs seront de 15\u00b0C au minimum et de 21\u00b0C au plus haut la matin\u00e9e. Le temps va se r\u00e9chauffer demain apr\u00e8s-midi avec une hausse de plusieurs degr\u00e9s. Les temp\u00e9ratures seront comprises entre 22\u00b0C et 23\u00b0C. Demain soir, on pr\u00e9voit des valeurs d&rsquo;environ 18\u00b0C.<\/p>\n<p>Les jours passent et se ressemblent. Le temps sera ensoleill\u00e9 avec des temp\u00e9ratures avoisinant 18\u00b0C.<\/p>\n<p><\/p>\n","protected":false},"excerpt":{"rendered":"Aujourd&rsquo;hui, le thermom\u00e8tre affichera 18\u00b0C en moyenne \u00e0 Montpellier. Un vent de nord-ouest est attendu : il soufflera&hellip;\n","protected":false},"author":2,"featured_media":118018,"comment_status":"","ping_status":"","sticky":false,"template":"","format":"standard","meta":{"footnotes":""},"categories":[9599],"tags":[1111,11,1777,674,1011,27,7089,2681,2208,12,2680,2119,25],"class_list":{"0":"post-118017","1":"post","2":"type-post","3":"status-publish","4":"format-standard","5":"has-post-thumbnail","7":"category-montpellier","8":"tag-actu","9":"tag-actualites","10":"tag-eu","11":"tag-europe","12":"tag-fr","13":"tag-france","14":"tag-herault","15":"tag-languedoc-roussillon","16":"tag-montpellier","17":"tag-news","18":"tag-occitanie","19":"tag-previsions-meteo","20":"tag-republique-francaise"},"share_on_mastodon":{"url":"https:\/\/pubeurope.com\/@fr\/114548370499876113","error":""},"_links":{"self":[{"href":"https:\/\/www.europesays.com\/fr\/wp-json\/wp\/v2\/posts\/118017","targetHints":{"allow":["GET"]}}],"collection":[{"href":"https:\/\/www.europesays.com\/fr\/wp-json\/wp\/v2\/posts"}],"about":[{"href":"https:\/\/www.europesays.com\/fr\/wp-json\/wp\/v2\/types\/post"}],"author":[{"embeddable":true,"href":"https:\/\/www.europesays.com\/fr\/wp-json\/wp\/v2\/users\/2"}],"replies":[{"embeddable":true,"href":"https:\/\/www.europesays.com\/fr\/wp-json\/wp\/v2\/comments?post=118017"}],"version-history":[{"count":0,"href":"https:\/\/www.europesays.com\/fr\/wp-json\/wp\/v2\/posts\/118017\/revisions"}],"wp:featuredmedia":[{"embeddable":true,"href":"https:\/\/www.europesays.com\/fr\/wp-json\/wp\/v2\/media\/118018"}],"wp:attachment":[{"href":"https:\/\/www.europesays.com\/fr\/wp-json\/wp\/v2\/media?parent=118017"}],"wp:term":[{"taxonomy":"category","embeddable":true,"href":"https:\/\/www.europesays.com\/fr\/wp-json\/wp\/v2\/categories?post=118017"},{"taxonomy":"post_tag","embeddable":true,"href":"https:\/\/www.europesays.com\/fr\/wp-json\/wp\/v2\/tags?post=118017"}],"curies":[{"name":"wp","href":"https:\/\/api.w.org\/{rel}","templated":true}]}}