{"id":118019,"date":"2025-05-21T23:17:36","date_gmt":"2025-05-21T23:17:36","guid":{"rendered":"https:\/\/www.europesays.com\/fr\/118019\/"},"modified":"2025-05-21T23:17:36","modified_gmt":"2025-05-21T23:17:36","slug":"apres-les-recours-judiciaires-pres-de-rouen-ce-grand-chantier-a-repris","status":"publish","type":"post","link":"https:\/\/www.europesays.com\/fr\/118019\/","title":{"rendered":"apr\u00e8s les recours judiciaires, pr\u00e8s de Rouen, ce grand chantier a repris"},"content":{"rendered":"<p>            Par<br \/>\n        <strong><br \/>\n            <a href=\"https:\/\/actu.fr\/auteur\/le-journal-delbeuf\" title=\"Consulter tous les articles de R\u00e9daction Elbeuf\" rel=\"nofollow noopener\" target=\"_blank\">R\u00e9daction Elbeuf<\/a><br \/>\n        <\/strong><\/p>\n<p>        Publi\u00e9 le<\/p>\n<p>            20 mai 2025 \u00e0 16h08        <\/p>\n<p>Apr\u00e8s une longue p\u00e9riode d\u2019arr\u00eat, ponctu\u00e9e par <a href=\"https:\/\/actu.fr\/normandie\/caudebec-les-elbeuf_76165\/la-justice-a-tranche-pres-de-rouen-le-chantier-de-la-halle-couverte-va-pouvoir-reprendre_62426885.html\" rel=\"nofollow noopener\" target=\"_blank\">des recours judiciaires<\/a> d\u2019une entreprise d\u00e9faillante et <b>d\u00e9bout\u00e9e par la justice<\/b> \u00e0 ce titre, le chantier de la <b>halle couverte<\/b> a enfin repris, depuis le lundi 12 mai 2025, \u00e0 <a href=\"https:\/\/actu.fr\/normandie\/caudebec-les-elbeuf_76165\" rel=\"nofollow noopener\" target=\"_blank\">Caudebec (Seine-Maritime)<\/a>.<\/p>\n<p class=\" wall-content\">Une tr\u00e8s bonne chose, selon le maire de la commune, Laurent Bonnaterre : \u00ab\u00a0Oui, le chantier a enfin repris et c\u2019est <b>un grand soulagement<\/b> pour nous tous. J\u2019ai assist\u00e9 tout derni\u00e8rement \u00e0 la premi\u00e8re r\u00e9union de chantier avec le ma\u00eetre d\u2019\u0153uvre et les \u00e9quipes des deux nouveaux co-traitants.\u00a0\u00bb<\/p>\n<p>Rattraper le retard<\/p>\n<p class=\" wall-content\">Aupr\u00e8s de ces nouvelles entreprises, l\u2019\u00e9lu a ressenti une \u00e9nergie positive et \u00ab\u00a0le d\u00e9sir de faire le maximum pour combler au maximum le retard accumul\u00e9\u00a0\u00bb.<\/p>\n<p class=\" wall-content\">Sur place, les fondations m\u00e9talliques sont d\u00e9j\u00e0 visibles, apr\u00e8s quelques jours de travaux pr\u00e9paratoires. Mais, m\u00eame avec ce rythme de travail soutenu, il sera impossible de profiter de la halle couverte d\u00e8s cet \u00e9t\u00e9, comme le calendrier le pr\u00e9voyait au d\u00e9but du chantier, \u00e0 l\u2019automne dernier.\u00a0<\/p>\n<p>Vid\u00e9os : en ce moment sur Actu<\/p>\n<p class=\" wall-content\">Si tout se passe bien, la livraison est pour le moment esp\u00e9r\u00e9e \u00e0 la fin du mois de d\u00e9cembre ou au d\u00e9but de l\u2019ann\u00e9e 2026.<\/p>\n<p class=\" wall-content\">Suivez toute l\u2019actualit\u00e9 de vos villes et m\u00e9dias favoris en vous inscrivant \u00e0 <a href=\"https:\/\/moncompte.actu.fr\" title=\"D\u00e9couvez Mon Actu\" rel=\"nofollow noopener\" data-trk=\"{&quot;cta&quot;:{&quot;action&quot;:&quot;https:\\\/\\\/moncompte.actu.fr&quot;,&quot;category&quot;:&quot;mon compte&quot;,&quot;from&quot;:&quot;article footer&quot;,&quot;name&quot;:&quot;Mon actu&quot;,&quot;type&quot;:&quot;cta&quot;}}\" target=\"_blank\">Mon Actu<\/a>.<\/p>\n","protected":false},"excerpt":{"rendered":"Par R\u00e9daction Elbeuf Publi\u00e9 le 20 mai 2025 \u00e0 16h08 Apr\u00e8s une longue p\u00e9riode d\u2019arr\u00eat, ponctu\u00e9e par des&hellip;\n","protected":false},"author":2,"featured_media":118020,"comment_status":"","ping_status":"","sticky":false,"template":"","format":"standard","meta":{"footnotes":""},"categories":[9587],"tags":[1111,11,1777,674,1011,27,12,5161,25,9590,104,2086],"class_list":{"0":"post-118019","1":"post","2":"type-post","3":"status-publish","4":"format-standard","5":"has-post-thumbnail","7":"category-rouen","8":"tag-actu","9":"tag-actualites","10":"tag-eu","11":"tag-europe","12":"tag-fr","13":"tag-france","14":"tag-news","15":"tag-normandie","16":"tag-republique-francaise","17":"tag-rouen","18":"tag-societe","19":"tag-travaux"},"share_on_mastodon":{"url":"https:\/\/pubeurope.com\/@fr\/114548378353383761","error":""},"_links":{"self":[{"href":"https:\/\/www.europesays.com\/fr\/wp-json\/wp\/v2\/posts\/118019","targetHints":{"allow":["GET"]}}],"collection":[{"href":"https:\/\/www.europesays.com\/fr\/wp-json\/wp\/v2\/posts"}],"about":[{"href":"https:\/\/www.europesays.com\/fr\/wp-json\/wp\/v2\/types\/post"}],"author":[{"embeddable":true,"href":"https:\/\/www.europesays.com\/fr\/wp-json\/wp\/v2\/users\/2"}],"replies":[{"embeddable":true,"href":"https:\/\/www.europesays.com\/fr\/wp-json\/wp\/v2\/comments?post=118019"}],"version-history":[{"count":0,"href":"https:\/\/www.europesays.com\/fr\/wp-json\/wp\/v2\/posts\/118019\/revisions"}],"wp:featuredmedia":[{"embeddable":true,"href":"https:\/\/www.europesays.com\/fr\/wp-json\/wp\/v2\/media\/118020"}],"wp:attachment":[{"href":"https:\/\/www.europesays.com\/fr\/wp-json\/wp\/v2\/media?parent=118019"}],"wp:term":[{"taxonomy":"category","embeddable":true,"href":"https:\/\/www.europesays.com\/fr\/wp-json\/wp\/v2\/categories?post=118019"},{"taxonomy":"post_tag","embeddable":true,"href":"https:\/\/www.europesays.com\/fr\/wp-json\/wp\/v2\/tags?post=118019"}],"curies":[{"name":"wp","href":"https:\/\/api.w.org\/{rel}","templated":true}]}}