{"id":118023,"date":"2025-05-21T23:20:08","date_gmt":"2025-05-21T23:20:08","guid":{"rendered":"https:\/\/www.europesays.com\/fr\/118023\/"},"modified":"2025-05-21T23:20:08","modified_gmt":"2025-05-21T23:20:08","slug":"previsions-du-jeudi-22-mai-2025-2","status":"publish","type":"post","link":"https:\/\/www.europesays.com\/fr\/118023\/","title":{"rendered":"pr\u00e9visions du jeudi 22 mai 2025"},"content":{"rendered":"<p>Il va y avoir des nuages \u00e0 Rennes avant que le soleil ne puisse faire son apparition au cours de la journ\u00e9e. Il va faire 14\u00b0C en moyenne. Un vent de nord-ouest soufflera l\u00e9g\u00e8rement, avec 13 km\/h. En revanche, un splendide soleil va briller et ce, tout au long de la matin\u00e9e. Les nuages dans le ciel de l&rsquo;apr\u00e8s-midi retardent l&rsquo;arriv\u00e9e du soleil. La m\u00e9t\u00e9o sera ponctu\u00e9e par des pluies \u00e9parses. D&rsquo;un autre c\u00f4t\u00e9, un temps plus chaud est pr\u00e9vu \u00e9tant donn\u00e9 que les temp\u00e9ratures vont enregistrer une augmentation. Les valeurs afficheront entre 17 et 20\u00b0C. Le ciel sera brumeux dans la nuit de jeudi \u00e0 vendredi.<\/p>\n<p>Demain, \u00e0 Rennes, l&rsquo;apparition du soleil sera retard\u00e9e par quelques nuages. Le mercure va descendre de quelques degr\u00e9s. Les temp\u00e9ratures s&rsquo;\u00e9chelonneront entre 7 et 19\u00b0C. Un petit vent de nord sera ressenti par les habitants. En revanche, le ciel sera relativement lumineux, avec quelques \u00e9claircies le matin. Les valeurs avoisineront les 15\u00b0C. Malheureusement, il y aura encore des nuages demain apr\u00e8s-midi. Mauvais temps : on annonce des pluies \u00e9parses. Les maximales atteindront les 18\u00b0C et les minimales seront de 17\u00b0C. Dans la soir\u00e9e, les temp\u00e9ratures tourneront autour des 13\u00b0C.<\/p>\n<p>La m\u00e9t\u00e9o restera inchang\u00e9e les prochains jours. Comptez sur 14\u00b0C en moyenne qui accompagneront des journ\u00e9es pluvieuses.<\/p>\n<p><\/p>\n","protected":false},"excerpt":{"rendered":"Il va y avoir des nuages \u00e0 Rennes avant que le soleil ne puisse faire son apparition au&hellip;\n","protected":false},"author":2,"featured_media":118024,"comment_status":"","ping_status":"","sticky":false,"template":"","format":"standard","meta":{"footnotes":""},"categories":[2821],"tags":[1111,11,829,1777,674,1011,27,848,12,2119,584,25],"class_list":{"0":"post-118023","1":"post","2":"type-post","3":"status-publish","4":"format-standard","5":"has-post-thumbnail","7":"category-rennes","8":"tag-actu","9":"tag-actualites","10":"tag-bretagne","11":"tag-eu","12":"tag-europe","13":"tag-fr","14":"tag-france","15":"tag-ille-et-vilaine","16":"tag-news","17":"tag-previsions-meteo","18":"tag-rennes","19":"tag-republique-francaise"},"share_on_mastodon":{"url":"https:\/\/pubeurope.com\/@fr\/114548390181578654","error":""},"_links":{"self":[{"href":"https:\/\/www.europesays.com\/fr\/wp-json\/wp\/v2\/posts\/118023","targetHints":{"allow":["GET"]}}],"collection":[{"href":"https:\/\/www.europesays.com\/fr\/wp-json\/wp\/v2\/posts"}],"about":[{"href":"https:\/\/www.europesays.com\/fr\/wp-json\/wp\/v2\/types\/post"}],"author":[{"embeddable":true,"href":"https:\/\/www.europesays.com\/fr\/wp-json\/wp\/v2\/users\/2"}],"replies":[{"embeddable":true,"href":"https:\/\/www.europesays.com\/fr\/wp-json\/wp\/v2\/comments?post=118023"}],"version-history":[{"count":0,"href":"https:\/\/www.europesays.com\/fr\/wp-json\/wp\/v2\/posts\/118023\/revisions"}],"wp:featuredmedia":[{"embeddable":true,"href":"https:\/\/www.europesays.com\/fr\/wp-json\/wp\/v2\/media\/118024"}],"wp:attachment":[{"href":"https:\/\/www.europesays.com\/fr\/wp-json\/wp\/v2\/media?parent=118023"}],"wp:term":[{"taxonomy":"category","embeddable":true,"href":"https:\/\/www.europesays.com\/fr\/wp-json\/wp\/v2\/categories?post=118023"},{"taxonomy":"post_tag","embeddable":true,"href":"https:\/\/www.europesays.com\/fr\/wp-json\/wp\/v2\/tags?post=118023"}],"curies":[{"name":"wp","href":"https:\/\/api.w.org\/{rel}","templated":true}]}}