{"id":118025,"date":"2025-05-21T23:21:39","date_gmt":"2025-05-21T23:21:39","guid":{"rendered":"https:\/\/www.europesays.com\/fr\/118025\/"},"modified":"2025-05-21T23:21:39","modified_gmt":"2025-05-21T23:21:39","slug":"a-rennes-gabriel-morin-nouveau-sous-prefet-sexprime-sur-le-narcotrafic","status":"publish","type":"post","link":"https:\/\/www.europesays.com\/fr\/118025\/","title":{"rendered":"\u00e0 Rennes, Gabriel Morin, nouveau sous-pr\u00e9fet, s&rsquo;exprime sur le narcotrafic"},"content":{"rendered":"<p>            Par<br \/>\n        <strong><br \/>\n            <a href=\"https:\/\/actu.fr\/auteur\/laurene-fertin\" title=\"Consulter tous les articles de Laur\u00e8ne Fertin\" rel=\"nofollow noopener\" target=\"_blank\">Laur\u00e8ne Fertin<\/a><br \/>\n        <\/strong><\/p>\n<p>        Publi\u00e9 le<\/p>\n<p>            21 mai 2025 \u00e0 17h28        <\/p>\n<p>Il a pris ses fonctions le <strong>22\u00a0avril 2025. Gabriel Morin<\/strong> est d\u00e9sormais <strong>directeur de cabinet d\u2019<a href=\"https:\/\/actu.fr\/bretagne\/rennes_35238\/qui-est-amaury-de-saint-quentin-le-nouveau-prefet-de-bretagne-et-d-ille-et-vilaine_61721038.html\" rel=\"nofollow noopener\" target=\"_blank\">Amaury de Saint-Quentin<\/a>, pr\u00e9fet de la R\u00e9gion Bretagne<\/strong>, d\u2019Ille-et-Vilaine, de la zone de d\u00e9fense et de s\u00e9curit\u00e9 Ouest. Lors d\u2019une r\u00e9union avec la presse, \u00e0 laquelle \u00e9tait convi\u00e9e la r\u00e9daction d\u2019<a href=\"https:\/\/actu.fr\/rennes\/\" rel=\"nofollow noopener\" target=\"_blank\">actu Rennes<\/a>\u00a0ce mercredi 21\u00a0mai, Gabriel Morin s\u2019est exprim\u00e9 sur son <strong>parcours<\/strong>\u00a0mais aussi sur le <strong>trafic de stup\u00e9fiants<\/strong> qui touche particuli\u00e8rement Rennes, et notamment, sur <a href=\"https:\/\/actu.fr\/bretagne\/rennes_35238\/nouvelle-fusillade-dans-le-quartier-de-villejean-a-rennes-blesses-interpelles-enquete-ce-que-l-on-sait_62592796.html\" rel=\"nofollow noopener\" target=\"_blank\">les derni\u00e8res fusillades<\/a>.<\/p>\n<p>\u00ab\u2009On ne se d\u00e9faussera pas\u2009\u00bb<\/p>\n<p class=\" wall-content\">Gabriel Morin, en poste depuis un mois, assure s\u2019\u00eatre d\u00e9j\u00e0 <strong>\u00ab\u2009rendu dans les quartiers les plus difficiles de Rennes\u2009\u00bb<\/strong> en pr\u00e9sence de la maire de la Ville, Nathalie App\u00e9r\u00e9. \u00ab\u2009On ne se d\u00e9faussera pas [\u2026] dans la lutte contre le trafic de stup\u00e9fiants. Cela fait partie de nos responsabilit\u00e9s\u2009\u00bb, a-t-il soulign\u00e9.<\/p>\n<blockquote class=\"ac-article-quote wall-content\">\n<p>Des impatiences sont exprim\u00e9es et ce n&rsquo;est pas un probl\u00e8me (&#8230;) Nous assumerons pleinement le combat contre le narcotrafic.<\/p>\n<p>    <strong>Gabriel Morin<\/strong><br \/>\n        Sous-pr\u00e9fet de Bretagne    <\/p><\/blockquote>\n<p class=\" wall-content\">Face \u00e0 ce message de <strong>\u00ab\u2009fermet\u00e9\u2009\u00bb<\/strong> et de <strong>\u00ab\u2009d\u00e9termination\u2009\u00bb,<\/strong> Gabriel Morin a souhait\u00e9, \u00e9galement, transmettre un message de <strong>\u00ab\u2009solidarit\u00e9, d\u2019empathie<\/strong> et de <strong>compr\u00e9hension\u2009\u00bb<\/strong> pour les <strong>commer\u00e7ants<\/strong> et <strong>habitants<\/strong> qui affrontent le probl\u00e8me au quotidien\u2009: \u00ab\u2009Ces \u00e9pisodes sont inacceptables [\u2026] Il est normal de les consid\u00e9rer comme scandaleux.\u2009\u00bb<\/p>\n<p>Sur la politique d&rsquo;asile<\/p>\n<p>Gabriel Morin s&rsquo;est \u00e9galement investi, durant trois ans, des questions d&rsquo;asile alors qu&rsquo;il \u00e9tait sous-directeur de l&rsquo;animation et du financement de la politique d&rsquo;asile aupr\u00e8s du ministre de l&rsquo;Int\u00e9rieur, d\u00e8s 2022. \u00ab\u00a0L&rsquo;\u00c9tat souhaite travailler et engager des relations de confiance et de partenariat avec les associations\u00a0\u00bb, a-t-il indiqu\u00e9 \u00e0 la presse.<\/p>\n<p>Une \u00ab\u2009culture de la s\u00e9curit\u00e9\u2009\u00bb<\/p>\n<p class=\" wall-content\">Pour mener ce \u00ab\u2009combat\u2009\u00bb, Gabriel Morin dispose, par son exp\u00e9rience professionnelle, \u00ab<strong>\u2009d\u2019une culture de la s\u00e9curit\u00e9<\/strong> dans les moments difficiles\u2009\u00bb. Le nouveau directeur du cabinet du pr\u00e9fet de Bretagne a en effet connu les attentats qui ont touch\u00e9 Paris (fin 2015) et les manifestations contre la loi Travail (2016) alors qu\u2019il \u00e9tait <strong>conseiller aupr\u00e8s du pr\u00e9fet de police de Paris <\/strong>et <strong>aupr\u00e8s du pr\u00e9fet de la r\u00e9gion \u00cele-de-France<\/strong> (respectivement en 2016 et en 2017).<\/p>\n<p class=\" wall-content\">Toutefois, cette \u00ab\u2009d\u00e9termination ne se borne pas qu\u2019\u00e0 la fermet\u00e9\u2009\u00bb, temp\u00e8re Gabriel Morin, qui a souhait\u00e9 transmettre un message de <strong>\u00ab\u2009pr\u00e9vention\u2009\u00bb.<\/strong><\/p>\n<blockquote class=\"ac-article-quote wall-content\">\n<p>Dans ce combat contre le trafic, il y a \u00e9galement un combat \u00e9conomique et social \u00e0 mener. Le travail fourni par les acteurs sur le terrain (les associations, N.D.L.R.) visant \u00e0 permettre aux personnes de vivre dans le droit et la s\u00e9curit\u00e9 est essentiel.<\/p>\n<p>    <strong>Gabriel Morin<\/strong>\n            <\/p><\/blockquote>\n<p class=\" wall-content\">Gabriel Morin a \u00e9galement tenu \u00e0 souligner la pr\u00e9sence des <strong>services publics,<\/strong> nombreux, sur le territoire rennais qui effectuent un travail de pr\u00e9vention. \u00ab\u2009Nous serons toujours derri\u00e8re eux <strong>malgr\u00e9 les critiques<\/strong> qu\u2019ils peuvent parfois nous adresser\u2009\u00bb, abonde-t-il, \u00ab\u2009car ils sont les piliers (de ce combat, N.D.L.R).\u2009\u00bb<\/p>\n<p>Les missions principales du directeur de cabinet<\/p>\n<p class=\" wall-content\">Pour rappel, les missions principales d\u2019un directeur de cabinet sont de coordonner les actions de pr\u00e9vention et de lutte contre l\u2019ins\u00e9curit\u00e9. En r\u00e9sum\u00e9, il est le \u00ab\u2009responsable s\u00e9curit\u00e9\u2009\u00bb sous l\u2019autorit\u00e9 du pr\u00e9fet.<\/p>\n<p class=\" wall-content\">\u00ab\u2009Le directeur de cabinet anime et coordonne l\u2019action des services charg\u00e9s du <strong>respect de l\u2019ordre public<\/strong> et de la <strong>protection des personnes et des biens<\/strong>\u2009: police, gendarmerie et services de secours. Il veille \u00e0 la mise en \u0153uvre des orientations nationales en mati\u00e8re de s\u00e9curit\u00e9 et d\u2019ordre publics et de pr\u00e9vention de la d\u00e9linquance\u2009\u00bb, d\u00e9taille le site <a href=\"https:\/\/www.ille-et-vilaine.gouv.fr\/\" rel=\"nofollow noopener\" target=\"_blank\">ille-et-vilaine.gouv.fr<\/a>.<\/p>\n<p class=\" wall-content\">Il coordonne \u00e9galement la <strong>politique de communication<\/strong> des services de l\u2019\u00c9tat et des relations publiques de la pr\u00e9fecture, ainsi que les d\u00e9placements officiels.<\/p>\n<p class=\" wall-content\">Suivez toute l\u2019actualit\u00e9 de vos villes et m\u00e9dias favoris en vous inscrivant \u00e0 <a href=\"https:\/\/moncompte.actu.fr\" title=\"D\u00e9couvez Mon Actu\" rel=\"nofollow noopener\" data-trk=\"{&quot;cta&quot;:{&quot;action&quot;:&quot;https:\\\/\\\/moncompte.actu.fr&quot;,&quot;category&quot;:&quot;mon compte&quot;,&quot;from&quot;:&quot;article footer&quot;,&quot;name&quot;:&quot;Mon actu&quot;,&quot;type&quot;:&quot;cta&quot;}}\" target=\"_blank\">Mon Actu<\/a>.<\/p>\n","protected":false},"excerpt":{"rendered":"Par Laur\u00e8ne Fertin Publi\u00e9 le 21 mai 2025 \u00e0 17h28 Il a pris ses fonctions le 22\u00a0avril 2025.&hellip;\n","protected":false},"author":2,"featured_media":118026,"comment_status":"","ping_status":"","sticky":false,"template":"","format":"standard","meta":{"footnotes":""},"categories":[2821],"tags":[1111,11,829,1052,1777,674,1011,27,12,316,584,25],"class_list":{"0":"post-118025","1":"post","2":"type-post","3":"status-publish","4":"format-standard","5":"has-post-thumbnail","7":"category-rennes","8":"tag-actu","9":"tag-actualites","10":"tag-bretagne","11":"tag-drogue","12":"tag-eu","13":"tag-europe","14":"tag-fr","15":"tag-france","16":"tag-news","17":"tag-politique","18":"tag-rennes","19":"tag-republique-francaise"},"share_on_mastodon":{"url":"https:\/\/pubeurope.com\/@fr\/114548394123992840","error":""},"_links":{"self":[{"href":"https:\/\/www.europesays.com\/fr\/wp-json\/wp\/v2\/posts\/118025","targetHints":{"allow":["GET"]}}],"collection":[{"href":"https:\/\/www.europesays.com\/fr\/wp-json\/wp\/v2\/posts"}],"about":[{"href":"https:\/\/www.europesays.com\/fr\/wp-json\/wp\/v2\/types\/post"}],"author":[{"embeddable":true,"href":"https:\/\/www.europesays.com\/fr\/wp-json\/wp\/v2\/users\/2"}],"replies":[{"embeddable":true,"href":"https:\/\/www.europesays.com\/fr\/wp-json\/wp\/v2\/comments?post=118025"}],"version-history":[{"count":0,"href":"https:\/\/www.europesays.com\/fr\/wp-json\/wp\/v2\/posts\/118025\/revisions"}],"wp:featuredmedia":[{"embeddable":true,"href":"https:\/\/www.europesays.com\/fr\/wp-json\/wp\/v2\/media\/118026"}],"wp:attachment":[{"href":"https:\/\/www.europesays.com\/fr\/wp-json\/wp\/v2\/media?parent=118025"}],"wp:term":[{"taxonomy":"category","embeddable":true,"href":"https:\/\/www.europesays.com\/fr\/wp-json\/wp\/v2\/categories?post=118025"},{"taxonomy":"post_tag","embeddable":true,"href":"https:\/\/www.europesays.com\/fr\/wp-json\/wp\/v2\/tags?post=118025"}],"curies":[{"name":"wp","href":"https:\/\/api.w.org\/{rel}","templated":true}]}}