{"id":118029,"date":"2025-05-21T23:23:10","date_gmt":"2025-05-21T23:23:10","guid":{"rendered":"https:\/\/www.europesays.com\/fr\/118029\/"},"modified":"2025-05-21T23:23:10","modified_gmt":"2025-05-21T23:23:10","slug":"la-collecte-des-dechets-a-domicile-sera-harmonisee-dici-2028","status":"publish","type":"post","link":"https:\/\/www.europesays.com\/fr\/118029\/","title":{"rendered":"la collecte des d\u00e9chets \u00e0 domicile sera harmonis\u00e9e d&rsquo;ici 2028"},"content":{"rendered":"<p>Depuis le 1er \u00a0janvier 2023, les nouvelles consignes de tri remplissent davantage les poubelles jaunes, tandis que la poubelle bleue d\u00e9gonfle. Une d\u00e9marche qui va avec son lot de contradictions\u00a0: \u00ab\u00a0Nos poubelles bleues sont presque vides et nos habitants se plaignent de devoir vider eux-m\u00eames leur poubelle jaune tous les deux ou trois jours\u00a0\u00bb, relate la maire de <a href=\"https:\/\/www.dna.fr\/culture-loisirs\/2025\/05\/03\/avec-leurs-planeurs-radiocommandes-ces-pilotes-cotoient-les-cigognes\" target=\"_blank\" rel=\"nofollow noopener\">Plobsheim<\/a> , Mich\u00e8le Leckler.<\/p>\n<p><a href=\"https:\/\/www.dna.fr\/environnement\/2023\/01\/03\/tri-des-dechets-tous-les-papiers-et-emballages-sont-concernes\" target=\"_blank\" rel=\"nofollow noopener\">Tri des d\u00e9chets : nouvelles r\u00e8gles depuis 2023, tous les papiers et emballages sont concern\u00e9s<\/a><\/p>\n<p>Une exp\u00e9rimentation d&rsquo;un an<\/p>\n<p>Pour faire \u00ab\u00a0\u00e9voluer le dispositif\u00a0\u00bb, sa commune ainsi que celles d\u2019Achenheim, Vendenheim et Reichstett ont exp\u00e9riment\u00e9 de nouvelles m\u00e9thodes de collecte pendant un an.\u00a0Dans les deux communes du sud, la fr\u00e9quence de ramassage des ordures m\u00e9nag\u00e8res (la poubelle bleue) a ainsi \u00e9t\u00e9 diminu\u00e9e \u00e0 une fois toutes les deux semaines, en alternance avec une collecte des&#8230;<\/p>\n","protected":false},"excerpt":{"rendered":"Depuis le 1er \u00a0janvier 2023, les nouvelles consignes de tri remplissent davantage les poubelles jaunes, tandis que la&hellip;\n","protected":false},"author":2,"featured_media":118030,"comment_status":"","ping_status":"","sticky":false,"template":"","format":"standard","meta":{"footnotes":""},"categories":[2820],"tags":[1111,11,2389,2649,33,2880,436,1777,674,107,1011,27,775,12,23868,25,104,640,3089],"class_list":{"0":"post-118029","1":"post","2":"type-post","3":"status-publish","4":"format-standard","5":"has-post-thumbnail","7":"category-strasbourg","8":"tag-actu","9":"tag-actualites","10":"tag-alsace","11":"tag-bas-rhin","12":"tag-economie","13":"tag-edition-strasbourg","14":"tag-environnement","15":"tag-eu","16":"tag-europe","17":"tag-fil-info","18":"tag-fr","19":"tag-france","20":"tag-grand-est","21":"tag-news","22":"tag-plobsheim","23":"tag-republique-francaise","24":"tag-societe","25":"tag-strasbourg","26":"tag-strasbourg-sud"},"share_on_mastodon":{"url":"https:\/\/pubeurope.com\/@fr\/114548401986455559","error":""},"_links":{"self":[{"href":"https:\/\/www.europesays.com\/fr\/wp-json\/wp\/v2\/posts\/118029","targetHints":{"allow":["GET"]}}],"collection":[{"href":"https:\/\/www.europesays.com\/fr\/wp-json\/wp\/v2\/posts"}],"about":[{"href":"https:\/\/www.europesays.com\/fr\/wp-json\/wp\/v2\/types\/post"}],"author":[{"embeddable":true,"href":"https:\/\/www.europesays.com\/fr\/wp-json\/wp\/v2\/users\/2"}],"replies":[{"embeddable":true,"href":"https:\/\/www.europesays.com\/fr\/wp-json\/wp\/v2\/comments?post=118029"}],"version-history":[{"count":0,"href":"https:\/\/www.europesays.com\/fr\/wp-json\/wp\/v2\/posts\/118029\/revisions"}],"wp:featuredmedia":[{"embeddable":true,"href":"https:\/\/www.europesays.com\/fr\/wp-json\/wp\/v2\/media\/118030"}],"wp:attachment":[{"href":"https:\/\/www.europesays.com\/fr\/wp-json\/wp\/v2\/media?parent=118029"}],"wp:term":[{"taxonomy":"category","embeddable":true,"href":"https:\/\/www.europesays.com\/fr\/wp-json\/wp\/v2\/categories?post=118029"},{"taxonomy":"post_tag","embeddable":true,"href":"https:\/\/www.europesays.com\/fr\/wp-json\/wp\/v2\/tags?post=118029"}],"curies":[{"name":"wp","href":"https:\/\/api.w.org\/{rel}","templated":true}]}}