{"id":118031,"date":"2025-05-21T23:24:08","date_gmt":"2025-05-21T23:24:08","guid":{"rendered":"https:\/\/www.europesays.com\/fr\/118031\/"},"modified":"2025-05-21T23:24:08","modified_gmt":"2025-05-21T23:24:08","slug":"previsions-du-jeudi-22-mai-2025-4","status":"publish","type":"post","link":"https:\/\/www.europesays.com\/fr\/118031\/","title":{"rendered":"pr\u00e9visions du jeudi 22 mai 2025"},"content":{"rendered":"<p>Aujourd&rsquo;hui, les Ni\u00e7ois vont pouvoir b\u00e9n\u00e9ficier d&rsquo;un soleil magnifique. Les valeurs s&rsquo;\u00e9chelonneront de 15 \u00e0 23\u00b0C. Une brise de sud-ouest soufflera l\u00e9g\u00e8rement. Les maximales pourront atteindre 23\u00b0C dans l&rsquo;apr\u00e8s-midi tandis que les minimales seront de 20\u00b0C. Il faudra pr\u00e9voir son parapluie le soir pour \u00e9viter les pluies \u00e9parses. C&rsquo;est un ciel d\u00e9pourvu de nuages que conna\u00eetra la nuit de jeudi \u00e0 vendredi.<\/p>\n<p>C&rsquo;est un soleil \u00e9clatant qui va se montrer demain sur Nice. Une diminution des temp\u00e9ratures est attendue. Il va faire 16\u00b0C en moyenne. Le matin, on anticipe des temp\u00e9ratures d&rsquo;environ 17\u00b0C. Un modeste vent de sud sera ressenti par les habitants. Demain apr\u00e8s-midi, les valeurs s&rsquo;\u00e9chelonneront entre 18 et 19\u00b0C. Demain soir, le temps sera marqu\u00e9 par des pluies \u00e9parses. Un vent de nord-est rafra\u00eechira sensiblement l&rsquo;atmosph\u00e8re.<\/p>\n<p>Un temps mitig\u00e9 est pr\u00e9vu les prochains jours. Le temps sera pluvieux samedi mais il conna\u00eetra une am\u00e9lioration dimanche.<\/p>\n<p><\/p>\n","protected":false},"excerpt":{"rendered":"Aujourd&rsquo;hui, les Ni\u00e7ois vont pouvoir b\u00e9n\u00e9ficier d&rsquo;un soleil magnifique. Les valeurs s&rsquo;\u00e9chelonneront de 15 \u00e0 23\u00b0C. Une brise&hellip;\n","protected":false},"author":2,"featured_media":118032,"comment_status":"","ping_status":"","sticky":false,"template":"","format":"standard","meta":{"footnotes":""},"categories":[2819],"tags":[1111,11,2898,1777,674,1011,27,12,2401,883,2119,882,25],"class_list":{"0":"post-118031","1":"post","2":"type-post","3":"status-publish","4":"format-standard","5":"has-post-thumbnail","7":"category-nice","8":"tag-actu","9":"tag-actualites","10":"tag-alpes-maritimes","11":"tag-eu","12":"tag-europe","13":"tag-fr","14":"tag-france","15":"tag-news","16":"tag-nice","17":"tag-paca","18":"tag-previsions-meteo","19":"tag-provence-alpes-cote-dazur","20":"tag-republique-francaise"},"share_on_mastodon":{"url":"https:\/\/pubeurope.com\/@fr\/114548405959085243","error":""},"_links":{"self":[{"href":"https:\/\/www.europesays.com\/fr\/wp-json\/wp\/v2\/posts\/118031","targetHints":{"allow":["GET"]}}],"collection":[{"href":"https:\/\/www.europesays.com\/fr\/wp-json\/wp\/v2\/posts"}],"about":[{"href":"https:\/\/www.europesays.com\/fr\/wp-json\/wp\/v2\/types\/post"}],"author":[{"embeddable":true,"href":"https:\/\/www.europesays.com\/fr\/wp-json\/wp\/v2\/users\/2"}],"replies":[{"embeddable":true,"href":"https:\/\/www.europesays.com\/fr\/wp-json\/wp\/v2\/comments?post=118031"}],"version-history":[{"count":0,"href":"https:\/\/www.europesays.com\/fr\/wp-json\/wp\/v2\/posts\/118031\/revisions"}],"wp:featuredmedia":[{"embeddable":true,"href":"https:\/\/www.europesays.com\/fr\/wp-json\/wp\/v2\/media\/118032"}],"wp:attachment":[{"href":"https:\/\/www.europesays.com\/fr\/wp-json\/wp\/v2\/media?parent=118031"}],"wp:term":[{"taxonomy":"category","embeddable":true,"href":"https:\/\/www.europesays.com\/fr\/wp-json\/wp\/v2\/categories?post=118031"},{"taxonomy":"post_tag","embeddable":true,"href":"https:\/\/www.europesays.com\/fr\/wp-json\/wp\/v2\/tags?post=118031"}],"curies":[{"name":"wp","href":"https:\/\/api.w.org\/{rel}","templated":true}]}}