{"id":118035,"date":"2025-05-21T23:26:08","date_gmt":"2025-05-21T23:26:08","guid":{"rendered":"https:\/\/www.europesays.com\/fr\/118035\/"},"modified":"2025-05-21T23:26:08","modified_gmt":"2025-05-21T23:26:08","slug":"previsions-du-jeudi-22-mai-2025-5","status":"publish","type":"post","link":"https:\/\/www.europesays.com\/fr\/118035\/","title":{"rendered":"pr\u00e9visions du jeudi 22 mai 2025"},"content":{"rendered":"<p>Aujourd&rsquo;hui, \u00e0 Nantes, le soleil risque d&rsquo;\u00eatre masqu\u00e9 par des nuages. Il fera 14\u00b0C en moyenne. D&rsquo;un autre c\u00f4t\u00e9, un bel ensoleillement est pr\u00e9vu le matin. Une brise de nord soufflera l\u00e9g\u00e8rement. L&rsquo;apr\u00e8s-midi, on sera sous un ciel bien maussade, couvert de nuages. De petites averses seront probables. En revanche, les temp\u00e9ratures vont conna\u00eetre une augmentation de quelques degr\u00e9s. Les valeurs s&rsquo;\u00e9chelonneront de 16 \u00e0 20\u00b0C. Il faudra pr\u00e9voir des perturbations le soir, les Nantais se retrouveront sous des pluies \u00e9parses. Les valeurs tourneront autour des 15\u00b0C. Durant la nuit de jeudi \u00e0 vendredi, le ciel sera brumeux.<\/p>\n<p>C&rsquo;est \u00e0 un ciel tapiss\u00e9 de nuages qu&rsquo;il faudra s&rsquo;attendre demain \u00e0 Nantes. Les temp\u00e9ratures s&rsquo;\u00e9chelonneront entre 8 et 20\u00b0C. Un modeste vent de nord-ouest sera ressenti par les habitants. D&rsquo;un autre c\u00f4t\u00e9, c&rsquo;est un soleil magnifique qui va se montrer le matin. Le thermom\u00e8tre affichera 15\u00b0C en moyenne. Demain apr\u00e8s-midi, c&rsquo;est sur un ciel couvert de nuages qu&rsquo;il faudra compter. Du mauvais temps est \u00e0 pr\u00e9voir. Des pluies \u00e9parses vont tomber. En revanche, les temp\u00e9ratures vont grimper de quelques degr\u00e9s. Les maximales iront jusqu&rsquo;\u00e0 20\u00b0C tandis que les minimales seront de 17\u00b0C. Demain soir, toujours des nuages dans le ciel qui emp\u00eachent le soleil d&rsquo;appara\u00eetre. Il faudra emporter son parapluie pour \u00e9viter les pluies \u00e9parses.<\/p>\n<p>Les jours qui suivent s&rsquo;annoncent identiques. Une m\u00e9t\u00e9o pluvieuse, pour des temp\u00e9ratures de 15\u00b0C en moyenne, est \u00e0 pr\u00e9voir.<\/p>\n<p><\/p>\n","protected":false},"excerpt":{"rendered":"Aujourd&rsquo;hui, \u00e0 Nantes, le soleil risque d&rsquo;\u00eatre masqu\u00e9 par des nuages. Il fera 14\u00b0C en moyenne. D&rsquo;un autre&hellip;\n","protected":false},"author":2,"featured_media":118036,"comment_status":"","ping_status":"","sticky":false,"template":"","format":"standard","meta":{"footnotes":""},"categories":[2818],"tags":[1111,11,1777,674,1011,27,3047,766,12,2636,2119,25],"class_list":{"0":"post-118035","1":"post","2":"type-post","3":"status-publish","4":"format-standard","5":"has-post-thumbnail","7":"category-nantes","8":"tag-actu","9":"tag-actualites","10":"tag-eu","11":"tag-europe","12":"tag-fr","13":"tag-france","14":"tag-loire-atlantique","15":"tag-nantes","16":"tag-news","17":"tag-pays-de-la-loire","18":"tag-previsions-meteo","19":"tag-republique-francaise"},"share_on_mastodon":{"url":"https:\/\/pubeurope.com\/@fr\/114548413803741016","error":""},"_links":{"self":[{"href":"https:\/\/www.europesays.com\/fr\/wp-json\/wp\/v2\/posts\/118035","targetHints":{"allow":["GET"]}}],"collection":[{"href":"https:\/\/www.europesays.com\/fr\/wp-json\/wp\/v2\/posts"}],"about":[{"href":"https:\/\/www.europesays.com\/fr\/wp-json\/wp\/v2\/types\/post"}],"author":[{"embeddable":true,"href":"https:\/\/www.europesays.com\/fr\/wp-json\/wp\/v2\/users\/2"}],"replies":[{"embeddable":true,"href":"https:\/\/www.europesays.com\/fr\/wp-json\/wp\/v2\/comments?post=118035"}],"version-history":[{"count":0,"href":"https:\/\/www.europesays.com\/fr\/wp-json\/wp\/v2\/posts\/118035\/revisions"}],"wp:featuredmedia":[{"embeddable":true,"href":"https:\/\/www.europesays.com\/fr\/wp-json\/wp\/v2\/media\/118036"}],"wp:attachment":[{"href":"https:\/\/www.europesays.com\/fr\/wp-json\/wp\/v2\/media?parent=118035"}],"wp:term":[{"taxonomy":"category","embeddable":true,"href":"https:\/\/www.europesays.com\/fr\/wp-json\/wp\/v2\/categories?post=118035"},{"taxonomy":"post_tag","embeddable":true,"href":"https:\/\/www.europesays.com\/fr\/wp-json\/wp\/v2\/tags?post=118035"}],"curies":[{"name":"wp","href":"https:\/\/api.w.org\/{rel}","templated":true}]}}