{"id":118039,"date":"2025-05-21T23:28:09","date_gmt":"2025-05-21T23:28:09","guid":{"rendered":"https:\/\/www.europesays.com\/fr\/118039\/"},"modified":"2025-05-21T23:28:09","modified_gmt":"2025-05-21T23:28:09","slug":"previsions-du-jeudi-22-mai-2025-6","status":"publish","type":"post","link":"https:\/\/www.europesays.com\/fr\/118039\/","title":{"rendered":"pr\u00e9visions du jeudi 22 mai 2025"},"content":{"rendered":"<p>\u00c0 Bordeaux, les valeurs seront comprises entre 9\u00b0C et 21\u00b0C dans la journ\u00e9e. Une l\u00e9g\u00e8re brise de nord-ouest soufflera. Le matin, un grand soleil rayonnera. Il va faire 15\u00b0C en moyenne. Apr\u00e8s un passage nuageux, le ciel va s&rsquo;\u00e9claircir au cours de l&rsquo;apr\u00e8s-midi. Les temp\u00e9ratures vont enregistrer une augmentation de plusieurs degr\u00e9s. Les valeurs iront de 19 \u00e0 21\u00b0C. Dans la soir\u00e9e, des pluies \u00e9parses sont attendues. Il fera environ 16\u00b0C. Le ciel sera d\u00e9pourvu de nuages dans la nuit de jeudi \u00e0 vendredi.<\/p>\n<p>L&rsquo;air ambiant va se r\u00e9chauffer demain \u00e0 Bordeaux avec une hausse de quelques degr\u00e9s. Le thermom\u00e8tre affichera 17\u00b0C en moyenne. Un petit vent de nord-ouest sera ressenti par les habitants. Le ciel sera couvert dans la matin\u00e9e. Mauvais temps : on annonce des pluies \u00e9parses. Un beau soleil est pr\u00e9vu demain apr\u00e8s-midi. Les valeurs s&rsquo;\u00e9chelonneront entre 20 et 22\u00b0C. Le soleil manquera demain soir, car le ciel sera couvert par des nuages. Les temp\u00e9ratures tourneront autour des 16\u00b0C.<\/p>\n<p>Le temps restera stable les jours \u00e0 venir. Comptez sur 17\u00b0C en moyenne qui accompagneront des journ\u00e9es ensoleill\u00e9es.<\/p>\n<p><\/p>\n","protected":false},"excerpt":{"rendered":"\u00c0 Bordeaux, les valeurs seront comprises entre 9\u00b0C et 21\u00b0C dans la journ\u00e9e. Une l\u00e9g\u00e8re brise de nord-ouest&hellip;\n","protected":false},"author":2,"featured_media":118040,"comment_status":"","ping_status":"","sticky":false,"template":"","format":"standard","meta":{"footnotes":""},"categories":[2817],"tags":[1111,11,3177,1997,1777,674,1011,27,2905,12,2219,2119,25],"class_list":{"0":"post-118039","1":"post","2":"type-post","3":"status-publish","4":"format-standard","5":"has-post-thumbnail","7":"category-bordeaux","8":"tag-actu","9":"tag-actualites","10":"tag-aquitaine","11":"tag-bordeaux","12":"tag-eu","13":"tag-europe","14":"tag-fr","15":"tag-france","16":"tag-gironde","17":"tag-news","18":"tag-nouvelle-aquitaine","19":"tag-previsions-meteo","20":"tag-republique-francaise"},"share_on_mastodon":{"url":"https:\/\/pubeurope.com\/@fr\/114548421777404377","error":""},"_links":{"self":[{"href":"https:\/\/www.europesays.com\/fr\/wp-json\/wp\/v2\/posts\/118039","targetHints":{"allow":["GET"]}}],"collection":[{"href":"https:\/\/www.europesays.com\/fr\/wp-json\/wp\/v2\/posts"}],"about":[{"href":"https:\/\/www.europesays.com\/fr\/wp-json\/wp\/v2\/types\/post"}],"author":[{"embeddable":true,"href":"https:\/\/www.europesays.com\/fr\/wp-json\/wp\/v2\/users\/2"}],"replies":[{"embeddable":true,"href":"https:\/\/www.europesays.com\/fr\/wp-json\/wp\/v2\/comments?post=118039"}],"version-history":[{"count":0,"href":"https:\/\/www.europesays.com\/fr\/wp-json\/wp\/v2\/posts\/118039\/revisions"}],"wp:featuredmedia":[{"embeddable":true,"href":"https:\/\/www.europesays.com\/fr\/wp-json\/wp\/v2\/media\/118040"}],"wp:attachment":[{"href":"https:\/\/www.europesays.com\/fr\/wp-json\/wp\/v2\/media?parent=118039"}],"wp:term":[{"taxonomy":"category","embeddable":true,"href":"https:\/\/www.europesays.com\/fr\/wp-json\/wp\/v2\/categories?post=118039"},{"taxonomy":"post_tag","embeddable":true,"href":"https:\/\/www.europesays.com\/fr\/wp-json\/wp\/v2\/tags?post=118039"}],"curies":[{"name":"wp","href":"https:\/\/api.w.org\/{rel}","templated":true}]}}