{"id":118045,"date":"2025-05-21T23:31:11","date_gmt":"2025-05-21T23:31:11","guid":{"rendered":"https:\/\/www.europesays.com\/fr\/118045\/"},"modified":"2025-05-21T23:31:11","modified_gmt":"2025-05-21T23:31:11","slug":"le-festival-luluberlu-est-de-retour","status":"publish","type":"post","link":"https:\/\/www.europesays.com\/fr\/118045\/","title":{"rendered":"le festival Luluberlu est de retour\u00a0!"},"content":{"rendered":"<p>            Par<br \/>\n        <strong><br \/>\n            <a href=\"https:\/\/actu.fr\/auteur\/redaction-toulouse\" title=\"Consulter tous les articles de R\u00e9daction de Toulouse\" rel=\"nofollow noopener\" target=\"_blank\">R\u00e9daction de Toulouse<\/a><br \/>\n        <\/strong><\/p>\n<p>        Publi\u00e9 le<\/p>\n<p>            21 mai 2025 \u00e0 16h26        <\/p>\n<p>Avec les beaux jours reviennent les festivals, et force est de constater que ceux adress\u00e9s aux tout-petits ne sont pas l\u00e9gion. Heureusement, <strong>Luluberlu<\/strong> est l\u00e0 pour donner au jeune et tr\u00e8s jeune public de quoi sourire, r\u00eaver, rire avec des spectacles qui ignorent les barri\u00e8res entre les disciplines.<\/p>\n<p class=\" wall-content\">Cirque, danse, th\u00e9\u00e2tre, musique, marionnettes, expos, cin\u00e9ma\u2009: <strong>tout est bon dans ce festival<\/strong> organis\u00e9 par la Ville de <a href=\"https:\/\/actu.fr\/occitanie\/blagnac_31069\" rel=\"nofollow noopener\" target=\"_blank\">Blagnac<\/a> et Odyssud Spectacles, qui revient du vendredi 23\u00a0mai au dimanche 25\u00a0mai 2025\u2009: l\u2019an dernier, <strong>10\u2009000\u00a0spectateurs<\/strong> avaient particip\u00e9 \u00e0 ce rendez-vous d\u00e9sormais incontournable \u00e0 l\u2019approche de l\u2019\u00e9t\u00e9.<\/p>\n<p>Le r\u00eave est \u00e0 l\u2019honneur<\/p>\n<p class=\" wall-content\">Cette 17e \u00e9dition\u00a0est plac\u00e9e<strong> sous le signe du r\u00eave<\/strong>\u2009; une th\u00e9matique qui convient parfaitement aux enfants et qui va les inviter \u00e0 \u00ab\u2009explorer les recoins de leur imagination, se perdre dans des mondes merveilleux et d\u00e9couvrir les secrets cach\u00e9s de leurs songes\u2009\u00bb, nous promet-on. Voil\u00e0 un programme bien all\u00e9chant\u2009! Avec plus de<strong> 50 propositions artistiques<\/strong>, il y aura de quoi faire. De nombreuses activit\u00e9s sont au programme, comme des initiations aux arts du cirque, des visites dans\u00e9es, des instruments g\u00e9ants, des lectures, des siestes musicales, des cr\u00e9ations d\u2019attrape-r\u00eaves, des fanfares\u2026<\/p>\n<p>Nos temps forts<\/p>\n<p class=\" wall-content\">Quant aux spectacles, voici nos temps forts. Vendredi 23\u00a0mai, la soir\u00e9e d\u2019ouverture se fera au rythme tr\u00e9pidant impuls\u00e9 par <strong>\u00ab\u2009Queen-a-man\u2009\u00bb<\/strong>, le spectacle de la compagnie \u00ab\u2009\u00d4 Captain mon capitaine\u2009\u00bb qui reprendra les tubes du c\u00e9l\u00e8bre groupe rock Queen, en mode \u00ab\u2009majorette\u2009\u00bb\u2009: cela devrait valoir son pesant de cacahu\u00e8tes\u2009! Ceux qui aiment les sensations fortes ne devront pas rater <strong>Soka Tira Osoa<\/strong>, le num\u00e9ro de funambules et d\u2019acrobaties des compagnies \u00ab\u2009Basinga\u2009\u00bb (les fans auront la r\u00e9f, comme on dit) et \u00ab\u2009Entre Nous\u2026\u2009\u00bb.<\/p>\n<p class=\" wall-content\">Un samedi sans une boum n\u2019est pas un vrai samedi\u2009! Ouverte aux petits z\u2019et aux grands, la <strong>Hit Hit Pop Classic Parade<\/strong> va vous faire danser sur des tubes de musique pop, rap, disco\u2026 et classique\u2009! Une grande <strong>d\u00e9ambulation lumineuse<\/strong> et po\u00e9tique men\u00e9e par des marionnettes g\u00e9antes de la compagnie Les Plasticiens volants traversera le parc samedi soir \u00e0 la nuit tomb\u00e9e. \u00c0 vos portables\u2009!<\/p>\n<p>Vid\u00e9os : en ce moment sur ActuLe plein de films<\/p>\n<p class=\" wall-content\">Les tout-petits (de 0 \u00e0 3\u00a0ans) pourront d\u00e9couvrir \u00ab\u2009Tout est chamboul\u00e9\u2009\u00bb, un spectacle \u00ab\u2009pour s\u2019amuser et explorer les possibles\u2009\u00bb\u2009; \u00ab\u2009Trouille\u2009\u00bb, la cr\u00e8che d\u00e9jant\u00e9e du Ballet du Montreur, et une installation immersive et ludique intitul\u00e9e \u00ab\u2009Twinkle\u2009\u00bb (scintiller, briller en anglais).<\/p>\n<p class=\" wall-content\">Enfin, le cin\u00e9ma Rex, \u00e0 Blagnac montrera tout au long du week-end des films partout dans la ville, proposera un cin\u00e9-concert et accueillera une pi\u00e8ce de th\u00e9\u00e2tre d\u2019objet d\u00e9cal\u00e9 \u00ab\u2009I Killed the Monster\u2009\u00bb, suivie d\u2019une contre-soir\u00e9e cin\u00e9ma r\u00e9serv\u00e9e aux ados. D\u00e9cid\u00e9ment, il fait bon grandir \u00e0 Blagnac\u2009!<\/p>\n<p>Festival Luluberlu, du 23 au 25\u00a0mai, \u00e0 Blagnac. Infos\u2009: https:\/\/festival-luluberlu.fr.<\/p>\n<p class=\" wall-content\">Suivez toute l\u2019actualit\u00e9 de vos villes et m\u00e9dias favoris en vous inscrivant \u00e0 <a href=\"https:\/\/moncompte.actu.fr\" title=\"D\u00e9couvez Mon Actu\" rel=\"nofollow noopener\" data-trk=\"{&quot;cta&quot;:{&quot;action&quot;:&quot;https:\\\/\\\/moncompte.actu.fr&quot;,&quot;category&quot;:&quot;mon compte&quot;,&quot;from&quot;:&quot;article footer&quot;,&quot;name&quot;:&quot;Mon actu&quot;,&quot;type&quot;:&quot;cta&quot;}}\" target=\"_blank\">Mon Actu<\/a>.<\/p>\n","protected":false},"excerpt":{"rendered":"Par R\u00e9daction de Toulouse Publi\u00e9 le 21 mai 2025 \u00e0 16h26 Avec les beaux jours reviennent les festivals,&hellip;\n","protected":false},"author":2,"featured_media":118046,"comment_status":"","ping_status":"","sticky":false,"template":"","format":"standard","meta":{"footnotes":""},"categories":[2816],"tags":[1111,11,1777,674,1011,27,1652,12,2680,25,1341,2312],"class_list":{"0":"post-118045","1":"post","2":"type-post","3":"status-publish","4":"format-standard","5":"has-post-thumbnail","7":"category-toulouse","8":"tag-actu","9":"tag-actualites","10":"tag-eu","11":"tag-europe","12":"tag-fr","13":"tag-france","14":"tag-loisirs-culture","15":"tag-news","16":"tag-occitanie","17":"tag-republique-francaise","18":"tag-sortir-a-toulouse","19":"tag-toulouse"},"share_on_mastodon":{"url":"https:\/\/pubeurope.com\/@fr\/114548435087863726","error":""},"_links":{"self":[{"href":"https:\/\/www.europesays.com\/fr\/wp-json\/wp\/v2\/posts\/118045","targetHints":{"allow":["GET"]}}],"collection":[{"href":"https:\/\/www.europesays.com\/fr\/wp-json\/wp\/v2\/posts"}],"about":[{"href":"https:\/\/www.europesays.com\/fr\/wp-json\/wp\/v2\/types\/post"}],"author":[{"embeddable":true,"href":"https:\/\/www.europesays.com\/fr\/wp-json\/wp\/v2\/users\/2"}],"replies":[{"embeddable":true,"href":"https:\/\/www.europesays.com\/fr\/wp-json\/wp\/v2\/comments?post=118045"}],"version-history":[{"count":0,"href":"https:\/\/www.europesays.com\/fr\/wp-json\/wp\/v2\/posts\/118045\/revisions"}],"wp:featuredmedia":[{"embeddable":true,"href":"https:\/\/www.europesays.com\/fr\/wp-json\/wp\/v2\/media\/118046"}],"wp:attachment":[{"href":"https:\/\/www.europesays.com\/fr\/wp-json\/wp\/v2\/media?parent=118045"}],"wp:term":[{"taxonomy":"category","embeddable":true,"href":"https:\/\/www.europesays.com\/fr\/wp-json\/wp\/v2\/categories?post=118045"},{"taxonomy":"post_tag","embeddable":true,"href":"https:\/\/www.europesays.com\/fr\/wp-json\/wp\/v2\/tags?post=118045"}],"curies":[{"name":"wp","href":"https:\/\/api.w.org\/{rel}","templated":true}]}}