{"id":118047,"date":"2025-05-21T23:32:19","date_gmt":"2025-05-21T23:32:19","guid":{"rendered":"https:\/\/www.europesays.com\/fr\/118047\/"},"modified":"2025-05-21T23:32:19","modified_gmt":"2025-05-21T23:32:19","slug":"rendez-vous-aux-jardins-2025-actualites","status":"publish","type":"post","link":"https:\/\/www.europesays.com\/fr\/118047\/","title":{"rendered":"Rendez-vous aux Jardins 2025 \/ Actualit\u00e9s"},"content":{"rendered":"<p>Con\u00e7us pour \u00e9veiller les sens et faire d\u00e9couvrir \u00e0 chacun la vari\u00e9t\u00e9 et la richesse des jardins, les \u00ab\u00a0Rendez-vous aux Jardins\u00a0\u00bb mettent en valeur le patrimoine vert de la ville de Lille et t\u00e9moignent de la m\u00e9tamorphose paysag\u00e8re en cours (<a href=\"https:\/\/www.lille.fr\/Vivre-a-Lille\/Les-travaux-a-Lille\/Les-projets-urbains\" target=\"_self\" class=\"lien_interne\" rel=\"nofollow noopener\">d\u00e9couvrez les projets de la Ville<\/a>).<\/p>\n<p><strong>Cet \u00e9v\u00e9nement, qui sent bon l&rsquo;\u00e9t\u00e9, est consacr\u00e9 \u00e0 la d\u00e9couverte du patrimoine vert lillois, notamment dans les parcs et jardins de la ville. <\/strong>Au c\u0153ur de cette 22e \u00e9dition,\u00a0du 6 au 8 juin 2025\u00a0et du th\u00e8me \u00ab\u00a0Jardins de pierres, pierres de jardins\u00a0\u00bb, <strong>la pierre sera valoris\u00e9e sous toutes ses formes<\/strong> : fontaines, cascades, ponts, murs, statues, mobiliers de jardin, grottes, canaux&#8230;<\/p>\n<p>&gt; Retrouvez la <a href=\"https:\/\/www.lille.fr\/Nature-a-Lille\/Activites-nature-et-balades\/Jardins-parcs-et-squares-lillois\" target=\"_self\" class=\"lien_interne\" rel=\"nofollow noopener\">carte des parcs, jardins et squares de la ville de Lille<\/a>.<\/p>\n<p>Pendant ces trois jours,\u00a0<strong>profitez de rendez-vous gratuits et ouverts \u00e0 tous dans les parcs et jardins de Lille.<\/strong>\u00a0<\/p>\n<p>Au programme\u00a0Notre s\u00e9lection<\/p>\n<ul class=\"listPuce\">\n<li><strong>WAZEMMES : Le jardin de la Pouponni\u00e8re,\u00a0<\/strong>86 rue des Meuniers, vendredi 6 juin.<\/li>\n<\/ul>\n<p>Pour inaugurer les Rendez-vous aux Jardins, cap sur le <a href=\"https:\/\/www.lille.fr\/Nos-equipements\/Jardin-de-la-Pouponniere\" target=\"_self\" class=\"lien_interne\" rel=\"nofollow noopener\">jardin de la Pouponni\u00e8re<\/a> o\u00f9 une soir\u00e9e conviviale, festive et familiale est programm\u00e9e de 16h30 \u00e0 23h ! De la restauration sera pr\u00e9vue sur place. Pour l&rsquo;occasion, les espaces de la Pouponni\u00e8re resteront exceptionnellement ouverts jusqu\u2019\u00e0 19h30. Vous pourrez ainsi d\u00e9couvrir le travail des artistes en r\u00e9sidence et admirer leur travail \u00e0 la loupe !<\/p>\n<p>&gt; <a href=\"https:\/\/www.lille.fr\/Evenements\/Rendez-vous-aux-Jardins-Le-vivant-a-la-loupe\" target=\"_self\" class=\"lien_interne\" rel=\"nofollow noopener\">Plus d&rsquo;infos<\/a><\/p>\n<p>La maison Folie Moulins vous ouvre les portes de son nouveau jardin ! \u00c0 travers des activit\u00e9s d&rsquo;initiations et de d\u00e9couvertes artistiques men\u00e9s par le Mini-Lab et le Mus\u00e9e d&rsquo;histoire naturelle, vivez un week-end consacr\u00e9 \u00e0 la nature.<\/p>\n<p>&gt; <a href=\"https:\/\/www.lille.fr\/Evenements\/Rendez-vous-au-jardin-de-la-maison-Folie-Moulins\" target=\"_self\" class=\"lien_interne\" rel=\"nofollow noopener\">Plus d&rsquo;infos<\/a><\/p>\n<ul class=\"listPuce\">\n<li><strong>VAUBAN-ESQUERMES : PARC DE LA CITADELLE, voie pi\u00e9tonne du bois de la De\u00fble, samedi 7 et dimanche 8 juin.<\/strong>\u00a0<\/li>\n<\/ul>\n<p>\u00c0 la d\u00e9couverte de la faune nocturne, le samedi 7 de de 21h30 \u00e0 23h30. Quand la nuit tombe sur le <a href=\"https:\/\/www.lille.fr\/Nature-a-Lille\/Le-Parc-de-la-Citadelle\" target=\"_self\" class=\"lien_interne\" rel=\"nofollow noopener\">Parc de la Citadelle<\/a>, c\u2019est tout un monde qui se r\u00e9veille\u2026 venez le d\u00e9couvrir ! Tout public, d\u00e8s 8 ans Sur r\u00e9servation : resanature@mairie-lille.fr (Gratuit)<\/p>\n<p>&#8230; Mais aussi : partez pour une sortie naturaliste et historique fascinante sur le r\u00f4le de l&rsquo;eau dans le parc, le dimanche 8 juin de 14h \u00e0 16h (gratuit sur r\u00e9servation, <a href=\"https:\/\/www.lille.fr\/Actualites\/mailto:resanature@mairie-lille.fr\" title=\"Cliquez pour ouvrir votre messagerie\" target=\"_self\" class=\"lien_interne\" rel=\"nofollow noopener\">resanature@mairie-lille.fr<\/a> ,ou 03.62.26.08.28). <a href=\"https:\/\/www.lille.fr\/Evenements\/L-eau-au-Parc-de-la-Citadelle2\" target=\"_self\" class=\"lien_interne\" rel=\"nofollow noopener\">Infos ici<\/a><\/p>\n<p>&#8230; Mais encore : \u00ab\u00a0Les statues du parc de la Citadelle\u00a0\u00bb, le dimanche 8, de 11h \u00e0 12h30. Avez-vous d\u00e9j\u00e0 crois\u00e9 des personnages, des pigeons, un vase ou encore une colonne de pierre en vous promenant dans le Parc de la Citadelle ? Venez \u00e0 leur rencontre et d\u00e9couvrez les jardins qui les abritent. Tout public, d\u00e8s 12 ans. Sur r\u00e9servation : patrimoines@mairie-lille.fr (Gratuit)<\/p>\n<ul class=\"listPuce\">\n<li><strong>VIEUX-LILLE : MUSEE DE L\u2019HOSPICE COMTESSE, 32 rue de la Monnaie, dimanche 8 juin.<\/strong><\/li>\n<\/ul>\n<p>Croquez la nature aux jardins ! De 15h \u00e0 17h30. Install\u00e9s dans le jardin m\u00e9dicinal ou face aux natures mortes de fleurs peintes ou sculpt\u00e9es, vous serez accompagn\u00e9s d&rsquo;un artiste-plasticien dans votre geste de dessin. Tout public, d\u00e8s 6 ans. Sans r\u00e9servation. Atelier gratuit, mais droits d\u2019entr\u00e9e au mus\u00e9e + exposition (7\u20ac \/ 5\u20ac \/ gratuit &#8211; 12 ans)<\/p>\n<p>&gt; <a href=\"https:\/\/www.lille.fr\/Evenements\/Croque-la-nature-aux-jardins\" target=\"_self\" class=\"lien_interne\" rel=\"nofollow noopener\">Plus d&rsquo;infos<\/a><\/p>\n<p>Infos pratiques<\/p>\n<p>\n<strong>Du vendredi 6 au dimanche 8 juin<\/strong><br \/>Partout en ville<\/p>\n<p>&gt;\u00a0<a href=\"https:\/\/rendezvousauxjardins.culture.gouv.fr\/\" target=\"_self\" class=\"lien_interne\" rel=\"nofollow noopener\">Site\u00a0officiel<\/a><\/p>\n<p>\u00c0 pied, \u00e0 v\u00e9lo, en transports en commun\u2026<\/p>\n<p>Optez pour des modes de d\u00e9placements plus respectueux de l\u2019environnement pour profiter des animations !<\/p>\n<p>&gt;\u00a0<a href=\"https:\/\/www.lille.fr\/Actualites\/Plutot-a-pied-ou-a-velo\" target=\"_self\" class=\"lien_interne\" rel=\"nofollow noopener\">En savoir plus<\/a>.<\/p>\n","protected":false},"excerpt":{"rendered":"Con\u00e7us pour \u00e9veiller les sens et faire d\u00e9couvrir \u00e0 chacun la vari\u00e9t\u00e9 et la richesse des jardins, les&hellip;\n","protected":false},"author":2,"featured_media":118048,"comment_status":"","ping_status":"","sticky":false,"template":"","format":"standard","meta":{"footnotes":""},"categories":[2815],"tags":[1111,11,4763,1777,674,1011,27,811,1307,5415,12,25],"class_list":{"0":"post-118047","1":"post","2":"type-post","3":"status-publish","4":"format-standard","5":"has-post-thumbnail","7":"category-lille","8":"tag-actu","9":"tag-actualites","10":"tag-agenda","11":"tag-eu","12":"tag-europe","13":"tag-fr","14":"tag-france","15":"tag-hauts-de-france","16":"tag-lille","17":"tag-mairie","18":"tag-news","19":"tag-republique-francaise"},"share_on_mastodon":{"url":"https:\/\/pubeurope.com\/@fr\/114548437429568862","error":""},"_links":{"self":[{"href":"https:\/\/www.europesays.com\/fr\/wp-json\/wp\/v2\/posts\/118047","targetHints":{"allow":["GET"]}}],"collection":[{"href":"https:\/\/www.europesays.com\/fr\/wp-json\/wp\/v2\/posts"}],"about":[{"href":"https:\/\/www.europesays.com\/fr\/wp-json\/wp\/v2\/types\/post"}],"author":[{"embeddable":true,"href":"https:\/\/www.europesays.com\/fr\/wp-json\/wp\/v2\/users\/2"}],"replies":[{"embeddable":true,"href":"https:\/\/www.europesays.com\/fr\/wp-json\/wp\/v2\/comments?post=118047"}],"version-history":[{"count":0,"href":"https:\/\/www.europesays.com\/fr\/wp-json\/wp\/v2\/posts\/118047\/revisions"}],"wp:featuredmedia":[{"embeddable":true,"href":"https:\/\/www.europesays.com\/fr\/wp-json\/wp\/v2\/media\/118048"}],"wp:attachment":[{"href":"https:\/\/www.europesays.com\/fr\/wp-json\/wp\/v2\/media?parent=118047"}],"wp:term":[{"taxonomy":"category","embeddable":true,"href":"https:\/\/www.europesays.com\/fr\/wp-json\/wp\/v2\/categories?post=118047"},{"taxonomy":"post_tag","embeddable":true,"href":"https:\/\/www.europesays.com\/fr\/wp-json\/wp\/v2\/tags?post=118047"}],"curies":[{"name":"wp","href":"https:\/\/api.w.org\/{rel}","templated":true}]}}