{"id":118049,"date":"2025-05-21T23:33:34","date_gmt":"2025-05-21T23:33:34","guid":{"rendered":"https:\/\/www.europesays.com\/fr\/118049\/"},"modified":"2025-05-21T23:33:34","modified_gmt":"2025-05-21T23:33:34","slug":"audience-jeudi-au-ta-de-lille-sur-des-demandes-dindemnisation-danciens-gendarmes-presents-en-1988-a-ouvea","status":"publish","type":"post","link":"https:\/\/www.europesays.com\/fr\/118049\/","title":{"rendered":"Audience jeudi au TA de Lille sur des demandes d&rsquo;indemnisation d&rsquo;anciens gendarmes pr\u00e9sents en 1988 \u00e0 Ouv\u00e9a"},"content":{"rendered":"<p>Huit anciens gendarmes bless\u00e9s lors des \u00e9v\u00e8nements d&rsquo;Ouv\u00e9a en 1988 en Nouvelle-Cal\u00e9donie et deux familles de gendarmes tu\u00e9s demandent une indemnisation \u00e0 l&rsquo;Etat.<\/p>\n<p>Trente-sept ans apr\u00e8s les faits, les demandes d\u2019indemnisation de dix gendarmes et familles de gendarmes, victimes (bless\u00e9s ou tu\u00e9s) des <strong>\u00e9v\u00e8nements sur l\u2019ile d<\/strong>\u2018<strong>Ouv\u00e9a (Nouvelle-Cal\u00e9donie)<\/strong> en 1988 sont examin\u00e9es jeudi par le <strong>tribunal administratif (TA) de Lille<\/strong>. Il s\u2019agit d\u2019un autre volet des suites de ce dossier.<\/p>\n<p>\u00ab\u00a0Recours gracieux en indemnisation\u00a0\u00bb<\/p>\n<p>Ces demandes avaient \u00e9t\u00e9 adress\u00e9es \u00e0 l\u2019\u00e9t\u00e9 2020 au minist\u00e8re des Arm\u00e9es, sous la forme de \u00ab\u00a0recours gracieux en indemnisation\u00ab\u00a0. Elles sont pr\u00e9sent\u00e9es par huit gendarmes, pris en otages le 22 avril 1988 lors de l\u2019attaque de la <strong>brigade de Fayou\u00e9<\/strong> (quatre gendarmes tu\u00e9s) par un commando ind\u00e9pendantiste, puis retenus comme otages dans la <strong>grotte de Gossanah. <\/strong>Ils avaient \u00e9t\u00e9 lib\u00e9r\u00e9s le 5 mai suivant lors d\u2019une op\u00e9ration meurtri\u00e8re (19 ind\u00e9pendantistes et deux soldats tu\u00e9s).<\/p>\n<p>Les deux autres recours sont port\u00e9es par les familles de deux des gendarmes tu\u00e9s \u00e0 Fayou\u00e9. L\u2019ensemble des faits avaient \u00e9t\u00e9 amnisti\u00e9s par les <a href=\"https:\/\/fr.wikipedia.org\/wiki\/Accords_de_Matignon_(1988)\" target=\"_blank\" rel=\"noopener nofollow\"><strong>accords de Matignon<\/strong> (26 juin 1988)<\/a> approuv\u00e9s par r\u00e9f\u00e9rendum le 8 novembre 1988.<\/p>\n<p>Ces requ\u00eates avaient alors suivi les r\u00e9v\u00e9lations sur ce drame par le lieutenant-colonel (ER) <strong>Henri Calhiol,<\/strong> dans un document d\u00e9pos\u00e9 au Service historique de la D\u00e9fense. L\u2019Essor avait publi\u00e9 ces r\u00e9v\u00e9lations en avril 2018.<\/p>\n<p><strong>Lire aussi : <\/strong><a href=\"https:\/\/lessor.org\/societe\/des-victimes-de-fayaoue-demandent-une-indemnisation-a-letat\" target=\"_blank\" rel=\"noopener nofollow\"><strong>Des victimes de Fayaou\u00e9 demandent une indemnisation \u00e0 l\u2019Etat<\/strong><\/a><\/p>\n<p>Pas de directives sur le renforcement de la s\u00e9curit\u00e9<\/p>\n<p>L\u2019auteur, \u00e0 la faveur d\u2019un long travail documentaire in\u00e9dit, y analysait causes, circonstances et cons\u00e9quences de cet \u00e9pisode dramatique de l\u2019histoire de la Nouvelle-Cal\u00e9donie. Il d\u00e9fendait la th\u00e8se que l\u2019attaque-surprise de la brigade de Fayaou\u00e9 avait \u00e9t\u00e9 facilit\u00e9e par le fait que des directives capitales \u2013 dont le suivi et le contr\u00f4le avaient \u00e9t\u00e9 n\u00e9glig\u00e9s par la hi\u00e9rarchie \u2013 n\u2019\u00e9taient jamais parvenues \u00e0 la petite brigade. \u00c0 180km de Noum\u00e9a, l\u2019unit\u00e9 regroupait en avril 1988 32 gendarmes d\u00e9partementaux et mobiles, venus en renfort. En l\u2019absence de directives, la brigade en \u00e9tait donc rest\u00e9e \u00e0 un dispositif d\u00e9fensif inadapt\u00e9 \u00e0 la nouvelle menace.<\/p>\n<p>\u00c0 la suite de ces r\u00e9v\u00e9lations, des anciens gendarmes formaient donc un recours (avec demande d\u2019indemnisation) confi\u00e9 \u00e0 un cabinet d\u2019avocats lillois sp\u00e9cialis\u00e9. Leurs demandes avaient \u00e9t\u00e9 alors rejet\u00e9es par le minist\u00e8re des Arm\u00e9es (en 1988, la Gendarmerie d\u00e9pendait du minist\u00e8re de la D\u00e9fense), puis par la Commission de recours des militaires.<\/p>\n<p><strong>Pierre-Marie GIRAUD<\/strong><\/p>\n<p><strong>Lire aussi :<\/strong><a href=\"https:\/\/lessor.org\/vie-des-personnels\/la-cour-administrative-dappel-de-toulouse-va-examiner-le-recours-danciens-gendarmes-douvea-sur-le-refus-de-leur-accorder-la-medaille-des-victimes-du-terrorismee-sle\/\" target=\"_blank\" rel=\"noopener nofollow\"><strong> La cour administrative d\u2019appel de Toulouse va examiner le recours d\u2019anciens gendarmes d\u2019Ouv\u00e9a sur le refus de leur accorder la m\u00e9daille des victimes du terrorisme<\/strong><\/a><\/p>\n","protected":false},"excerpt":{"rendered":"Huit anciens gendarmes bless\u00e9s lors des \u00e9v\u00e8nements d&rsquo;Ouv\u00e9a en 1988 en Nouvelle-Cal\u00e9donie et deux familles de gendarmes tu\u00e9s&hellip;\n","protected":false},"author":2,"featured_media":118050,"comment_status":"","ping_status":"","sticky":false,"template":"","format":"standard","meta":{"footnotes":""},"categories":[2815],"tags":[5265,1111,11,23869,23870,1777,674,1011,27,23871,23872,811,23873,13753,303,14375,1307,12,23874,23875,23876,23877,25,13943],"class_list":{"0":"post-118049","1":"post","2":"type-post","3":"status-publish","4":"format-standard","5":"has-post-thumbnail","7":"category-lille","8":"tag-abonnes","9":"tag-actu","10":"tag-actualites","11":"tag-brigade-de-fayoue","12":"tag-demandes-dindemnisation","13":"tag-eu","14":"tag-europe","15":"tag-fr","16":"tag-france","17":"tag-gendarmes-otages","18":"tag-grotte-de-gossanah","19":"tag-hauts-de-france","20":"tag-henri-calhiol","21":"tag-indemnisation","22":"tag-justice","23":"tag-justice-administrative","24":"tag-lille","25":"tag-news","26":"tag-nouvelle-caledonie","27":"tag-ouvea","28":"tag-quatre-gendarmes-tues","29":"tag-recours-gracieux-en-indemnisation","30":"tag-republique-francaise","31":"tag-tribunal-administratif-de-lille"},"share_on_mastodon":{"url":"https:\/\/pubeurope.com\/@fr\/114548441343339184","error":""},"_links":{"self":[{"href":"https:\/\/www.europesays.com\/fr\/wp-json\/wp\/v2\/posts\/118049","targetHints":{"allow":["GET"]}}],"collection":[{"href":"https:\/\/www.europesays.com\/fr\/wp-json\/wp\/v2\/posts"}],"about":[{"href":"https:\/\/www.europesays.com\/fr\/wp-json\/wp\/v2\/types\/post"}],"author":[{"embeddable":true,"href":"https:\/\/www.europesays.com\/fr\/wp-json\/wp\/v2\/users\/2"}],"replies":[{"embeddable":true,"href":"https:\/\/www.europesays.com\/fr\/wp-json\/wp\/v2\/comments?post=118049"}],"version-history":[{"count":0,"href":"https:\/\/www.europesays.com\/fr\/wp-json\/wp\/v2\/posts\/118049\/revisions"}],"wp:featuredmedia":[{"embeddable":true,"href":"https:\/\/www.europesays.com\/fr\/wp-json\/wp\/v2\/media\/118050"}],"wp:attachment":[{"href":"https:\/\/www.europesays.com\/fr\/wp-json\/wp\/v2\/media?parent=118049"}],"wp:term":[{"taxonomy":"category","embeddable":true,"href":"https:\/\/www.europesays.com\/fr\/wp-json\/wp\/v2\/categories?post=118049"},{"taxonomy":"post_tag","embeddable":true,"href":"https:\/\/www.europesays.com\/fr\/wp-json\/wp\/v2\/tags?post=118049"}],"curies":[{"name":"wp","href":"https:\/\/api.w.org\/{rel}","templated":true}]}}