{"id":118051,"date":"2025-05-21T23:34:14","date_gmt":"2025-05-21T23:34:14","guid":{"rendered":"https:\/\/www.europesays.com\/fr\/118051\/"},"modified":"2025-05-21T23:34:14","modified_gmt":"2025-05-21T23:34:14","slug":"un-chauffeur-de-bus-rtm-agresse-par-un-automobiliste-a-marseille","status":"publish","type":"post","link":"https:\/\/www.europesays.com\/fr\/118051\/","title":{"rendered":"Un chauffeur de bus RTM agress\u00e9 par un automobiliste \u00e0 Marseille"},"content":{"rendered":"<p>Un chauffeur de bus <a href=\"https:\/\/www.laprovence.com\/article\/region\/16564953602074\/enc-ore-une-insulte-les-affiches-choc-de-la-rtm-a-marseille-ont-un-air-de-deja-vu\" target=\"_blank\" rel=\"noopener\">RTM<\/a> a \u00e9t\u00e9 <strong>agress\u00e9 par un automobiliste mardi 20 mai, dans le 15e arrondissement de Marseille<\/strong>.<\/p>\n<p>Il \u00e9tait aux environs de 13 h 30 lorsqu&rsquo;un diff\u00e9rend entre un automobiliste et un chauffeur de bus de la R\u00e9gie des transports M\u00e9tropolitains qui empruntaient tous les deux l&rsquo;avenue de Saint-Antoine a tourn\u00e9 \u00e0 l&rsquo;affrontement physique.<\/p>\n<p>L&rsquo;automobiliste a \u00e9t\u00e9 interpell\u00e9<\/p>\n<p>L&rsquo;automobiliste aurait quitt\u00e9 son v\u00e9hicule pour invectiver le conducteur de bus, avant de lui ass\u00e9ner <strong>plusieurs coups au visage et de prendre la fuite<\/strong>.<\/p>\n<p>Si le chauffeur RTM n&rsquo;a pas souhait\u00e9 l&rsquo;intervention des <a href=\"https:\/\/www.laprovence.com\/article\/faits-divers-justice\/1334520620161314\/des-marins-pompiers-agresses-en-pleine-intervention-a-marseille\" target=\"_blank\" rel=\"noopener\">marins-pompiers<\/a>, il a n\u00e9anmoins d\u00e9pos\u00e9 plainte pour violences volontaires aupr\u00e8s de la police. Quant \u00e0 l&rsquo;automobiliste qui avait d\u00e9camp\u00e9 sit\u00f4t son forfait accompli, il a \u00e9t\u00e9 rapidement interpell\u00e9 et plac\u00e9 en garde \u00e0 vue.<\/p>\n","protected":false},"excerpt":{"rendered":"Un chauffeur de bus RTM a \u00e9t\u00e9 agress\u00e9 par un automobiliste mardi 20 mai, dans le 15e arrondissement&hellip;\n","protected":false},"author":2,"featured_media":118052,"comment_status":"","ping_status":"","sticky":false,"template":"","format":"standard","meta":{"footnotes":""},"categories":[2814],"tags":[17,1111,11,8058,15738,7048,9698,1777,674,274,1011,27,884,12,5912,882,25,10783],"class_list":{"0":"post-118051","1":"post","2":"type-post","3":"status-publish","4":"format-standard","5":"has-post-thumbnail","7":"category-marseille","8":"tag-17","9":"tag-actu","10":"tag-actualites","11":"tag-agresse","12":"tag-automobiliste","13":"tag-bus","14":"tag-chauffeur","15":"tag-eu","16":"tag-europe","17":"tag-faits-divers-justice","18":"tag-fr","19":"tag-france","20":"tag-marseille","21":"tag-news","22":"tag-par","23":"tag-provence-alpes-cote-dazur","24":"tag-republique-francaise","25":"tag-rtm"},"share_on_mastodon":{"url":"https:\/\/pubeurope.com\/@fr\/114548445302570469","error":""},"_links":{"self":[{"href":"https:\/\/www.europesays.com\/fr\/wp-json\/wp\/v2\/posts\/118051","targetHints":{"allow":["GET"]}}],"collection":[{"href":"https:\/\/www.europesays.com\/fr\/wp-json\/wp\/v2\/posts"}],"about":[{"href":"https:\/\/www.europesays.com\/fr\/wp-json\/wp\/v2\/types\/post"}],"author":[{"embeddable":true,"href":"https:\/\/www.europesays.com\/fr\/wp-json\/wp\/v2\/users\/2"}],"replies":[{"embeddable":true,"href":"https:\/\/www.europesays.com\/fr\/wp-json\/wp\/v2\/comments?post=118051"}],"version-history":[{"count":0,"href":"https:\/\/www.europesays.com\/fr\/wp-json\/wp\/v2\/posts\/118051\/revisions"}],"wp:featuredmedia":[{"embeddable":true,"href":"https:\/\/www.europesays.com\/fr\/wp-json\/wp\/v2\/media\/118052"}],"wp:attachment":[{"href":"https:\/\/www.europesays.com\/fr\/wp-json\/wp\/v2\/media?parent=118051"}],"wp:term":[{"taxonomy":"category","embeddable":true,"href":"https:\/\/www.europesays.com\/fr\/wp-json\/wp\/v2\/categories?post=118051"},{"taxonomy":"post_tag","embeddable":true,"href":"https:\/\/www.europesays.com\/fr\/wp-json\/wp\/v2\/tags?post=118051"}],"curies":[{"name":"wp","href":"https:\/\/api.w.org\/{rel}","templated":true}]}}