{"id":118055,"date":"2025-05-21T23:36:10","date_gmt":"2025-05-21T23:36:10","guid":{"rendered":"https:\/\/www.europesays.com\/fr\/118055\/"},"modified":"2025-05-21T23:36:10","modified_gmt":"2025-05-21T23:36:10","slug":"previsions-du-jeudi-22-mai-2025-8","status":"publish","type":"post","link":"https:\/\/www.europesays.com\/fr\/118055\/","title":{"rendered":"pr\u00e9visions du jeudi 22 mai 2025"},"content":{"rendered":"<p>Le soleil peinera \u00e0 percer au milieu des nuages qui perdureront sur Lyon dans la journ\u00e9e. Les maximales atteindront les 13\u00b0C et les minimales seront de 9\u00b0C. Un vent de nord-ouest soufflera l\u00e9g\u00e8rement, avec 12 km\/h. Il sera difficile de rester au sec car de la pluie est pr\u00e9vue dans la matin\u00e9e. Les temp\u00e9ratures afficheront entre 11 et 13\u00b0C. Il va pleuvoir l&rsquo;apr\u00e8s-midi. Les valeurs seront de 10\u00b0C au plus bas et de 13\u00b0C au plus haut. Des pluies \u00e9parses vont tomber tout au long de la soir\u00e9e. Les temp\u00e9ratures s&rsquo;\u00e9chelonneront de 10 \u00e0 13\u00b0C. Entre jeudi et vendredi, la nuit sera claire.<\/p>\n<p>Demain, les Lyonnais vont pouvoir b\u00e9n\u00e9ficier d&rsquo;un soleil radieux. La m\u00e9t\u00e9o va se r\u00e9chauffer avec une augmentation de quelques degr\u00e9s. Il fera 12\u00b0C en moyenne. Les valeurs s&rsquo;\u00e9chelonneront entre 9 et 16\u00b0C pendant la matin\u00e9e. Une l\u00e9g\u00e8re brise de nord sera ressentie par les habitants. Un temps plus chaud est \u00e0 pr\u00e9voir demain apr\u00e8s-midi puisque le mercure va enregistrer une hausse. Les temp\u00e9ratures seront comprises entre 16 et 17\u00b0C. Dans la soir\u00e9e, les temp\u00e9ratures avoisineront les 12\u00b0C. Un vent de nord soufflera l\u00e9g\u00e8rement.<\/p>\n<p>La m\u00e9t\u00e9o restera stable les jours \u00e0 venir. Il fera 14\u00b0C en moyenne pour des journ\u00e9es avec une m\u00e9t\u00e9o ensoleill\u00e9e.<\/p>\n<p><\/p>\n","protected":false},"excerpt":{"rendered":"Le soleil peinera \u00e0 percer au milieu des nuages qui perdureront sur Lyon dans la journ\u00e9e. Les maximales&hellip;\n","protected":false},"author":2,"featured_media":118056,"comment_status":"","ping_status":"","sticky":false,"template":"","format":"standard","meta":{"footnotes":""},"categories":[1889],"tags":[1111,11,2430,1777,674,1011,27,2428,12,2119,25],"class_list":{"0":"post-118055","1":"post","2":"type-post","3":"status-publish","4":"format-standard","5":"has-post-thumbnail","7":"category-lyon","8":"tag-actu","9":"tag-actualites","10":"tag-auvergne-rhone-alpes","11":"tag-eu","12":"tag-europe","13":"tag-fr","14":"tag-france","15":"tag-lyon","16":"tag-news","17":"tag-previsions-meteo","18":"tag-republique-francaise"},"share_on_mastodon":{"url":"https:\/\/pubeurope.com\/@fr\/114548453157751222","error":""},"_links":{"self":[{"href":"https:\/\/www.europesays.com\/fr\/wp-json\/wp\/v2\/posts\/118055","targetHints":{"allow":["GET"]}}],"collection":[{"href":"https:\/\/www.europesays.com\/fr\/wp-json\/wp\/v2\/posts"}],"about":[{"href":"https:\/\/www.europesays.com\/fr\/wp-json\/wp\/v2\/types\/post"}],"author":[{"embeddable":true,"href":"https:\/\/www.europesays.com\/fr\/wp-json\/wp\/v2\/users\/2"}],"replies":[{"embeddable":true,"href":"https:\/\/www.europesays.com\/fr\/wp-json\/wp\/v2\/comments?post=118055"}],"version-history":[{"count":0,"href":"https:\/\/www.europesays.com\/fr\/wp-json\/wp\/v2\/posts\/118055\/revisions"}],"wp:featuredmedia":[{"embeddable":true,"href":"https:\/\/www.europesays.com\/fr\/wp-json\/wp\/v2\/media\/118056"}],"wp:attachment":[{"href":"https:\/\/www.europesays.com\/fr\/wp-json\/wp\/v2\/media?parent=118055"}],"wp:term":[{"taxonomy":"category","embeddable":true,"href":"https:\/\/www.europesays.com\/fr\/wp-json\/wp\/v2\/categories?post=118055"},{"taxonomy":"post_tag","embeddable":true,"href":"https:\/\/www.europesays.com\/fr\/wp-json\/wp\/v2\/tags?post=118055"}],"curies":[{"name":"wp","href":"https:\/\/api.w.org\/{rel}","templated":true}]}}