{"id":118063,"date":"2025-05-21T23:40:09","date_gmt":"2025-05-21T23:40:09","guid":{"rendered":"https:\/\/www.europesays.com\/fr\/118063\/"},"modified":"2025-05-21T23:40:09","modified_gmt":"2025-05-21T23:40:09","slug":"cette-ville-de-seine-saint-denis-accusee-dannuler-sans-preavis-une-traditionnelle-brocante","status":"publish","type":"post","link":"https:\/\/www.europesays.com\/fr\/118063\/","title":{"rendered":"Cette ville de Seine-Saint-Denis accus\u00e9e d&rsquo;annuler \u00ab\u00a0sans pr\u00e9avis\u00a0\u00bb une traditionnelle brocante"},"content":{"rendered":"<p>            Par<br \/>\n        <strong><br \/>\n            <a href=\"https:\/\/actu.fr\/auteur\/redaction-paris\" title=\"Consulter tous les articles de R\u00e9daction Paris\" rel=\"nofollow noopener\" target=\"_blank\">R\u00e9daction Paris<\/a><br \/>\n        <\/strong><\/p>\n<p>        Publi\u00e9 le<\/p>\n<p>            21 mai 2025 \u00e0 7h20        <\/p>\n<p>C\u2019est un rendez-vous incontournable. Chaque ann\u00e9e, le <strong>quartier du Ch\u00e9nay \u00e0 Gagny<\/strong> (Seine-saint-Denis) s\u2019anime avec son traditionnel <strong><a href=\"https:\/\/actu.fr\/loisirs-culture\/voici-les-brocantes-et-vide-greniers-a-faire-a-paris-et-en-ile-de-france-le-week-end-des-10-et-11-mai_62611736.html\" rel=\"nofollow noopener\" target=\"_blank\">vide-greniers<\/a><\/strong>\u00a0organis\u00e9 par l\u2019association \u00ab\u2009Le Village du Ch\u00e9nay\u2009\u00bb. Sauf que cette ann\u00e9e, les \u00e9tals ne prendront pas place. \u00ab\u2009Les circonstances nous obligent \u00e0 <strong>annuler l\u2019\u00e9v\u00e9nement<\/strong> cette ann\u00e9e\u2009\u00bb, d\u00e9plore, samedi 17\u00a0mai 2025, l\u2019association alors que devait se tenir la 38e \u00e9dition le 29\u00a0juin prochain.<\/p>\n<p>Un probl\u00e8me de circulation<\/p>\n<p class=\" wall-content\">Dans un premier temps accus\u00e9e d\u2019avoir annul\u00e9 <a href=\"https:\/\/actu.fr\/loisirs-culture\/des-brocantes-et-vide-greniers-au-quatre-coins-de-paris-et-de-l-ile-de-france-ce-week-end-des-17-et-18-mai_62634840.html\" rel=\"nofollow noopener\" target=\"_blank\">l\u2019\u00e9v\u00e9nement<\/a> \u00ab\u2009sans pr\u00e9avis\u2009\u00bb, la municipalit\u00e9 de Gagny a d\u00e9voil\u00e9 les raisons de son absence cette ann\u00e9e. Et il faut simplement y voir, un <strong>probl\u00e8me de circulation.<\/strong> La rue Emile Cossonneau o\u00f9 souhaitaient s\u2019installer les brocanteurs sert de <strong>d\u00e9viation<\/strong> depuis le 28\u00a0avril et les <a href=\"https:\/\/actu.fr\/societe\/raccorder-les-eaux-usees-au-reseau-d-assainissement-un-travail-de-fourmi-dans-le-val-de-marne_59783652.html\" rel=\"nofollow noopener\" target=\"_blank\">travaux d\u2019assainissement<\/a> de la rue du Chemin de fer. \u00ab\u2009Son blocage aurait des r\u00e9percussions importantes pour la circulation dans tout le sud de la commune pour les habitants mais \u00e9galement les transports publics et les v\u00e9hicules de secours\u2009\u00bb, explique la municipalit\u00e9.<\/p>\n<p class=\" wall-content\">D\u2019autres rues du quartier ont aussi \u00e9t\u00e9 propos\u00e9es mais l\u2019association a pr\u00e9f\u00e9r\u00e9 annuler le rendez-vous. \u00ab\u2009Dans le cas o\u00f9 l\u2019association choisirait l\u2019annulation, Monsieur le maire a m\u00eame propos\u00e9 que soit soumis au Conseil municipal le vote d\u2019une<strong> subvention exceptionnelle<\/strong> qui permettrait d\u2019aider financi\u00e8rement l\u2019association ainsi priv\u00e9e d\u2019une animation destin\u00e9e \u00e0 lever des fonds pour ses activit\u00e9s\u2009\u00bb, poursuit-elle. Il faudra patienter jusqu\u2019en 2026 pour retrouver les brocanteurs.<\/p>\n<p class=\" wall-content\">Suivez toute l\u2019actualit\u00e9 de vos villes et m\u00e9dias favoris en vous inscrivant \u00e0 <a href=\"https:\/\/moncompte.actu.fr\" title=\"D\u00e9couvez Mon Actu\" rel=\"nofollow noopener\" data-trk=\"{&quot;cta&quot;:{&quot;action&quot;:&quot;https:\\\/\\\/moncompte.actu.fr&quot;,&quot;category&quot;:&quot;mon compte&quot;,&quot;from&quot;:&quot;article footer&quot;,&quot;name&quot;:&quot;Mon actu&quot;,&quot;type&quot;:&quot;cta&quot;}}\" target=\"_blank\">Mon Actu<\/a>.<\/p>\n","protected":false},"excerpt":{"rendered":"Par R\u00e9daction Paris Publi\u00e9 le 21 mai 2025 \u00e0 7h20 C\u2019est un rendez-vous incontournable. Chaque ann\u00e9e, le quartier&hellip;\n","protected":false},"author":2,"featured_media":118064,"comment_status":"","ping_status":"","sticky":false,"template":"","format":"standard","meta":{"footnotes":""},"categories":[1888],"tags":[1111,1928,11,1927,6961,1777,674,1011,27,12,1926,626,1925,25,104,3365],"class_list":{"0":"post-118063","1":"post","2":"type-post","3":"status-publish","4":"format-standard","5":"has-post-thumbnail","7":"category-paris","8":"tag-actu","9":"tag-actu-paris","10":"tag-actualites","11":"tag-actualites-paris","12":"tag-brocante","13":"tag-eu","14":"tag-europe","15":"tag-fr","16":"tag-france","17":"tag-news","18":"tag-news-paris","19":"tag-paris","20":"tag-paris-news","21":"tag-republique-francaise","22":"tag-societe","23":"tag-vide-greniers"},"share_on_mastodon":{"url":"https:\/\/pubeurope.com\/@fr\/114548469155596271","error":""},"_links":{"self":[{"href":"https:\/\/www.europesays.com\/fr\/wp-json\/wp\/v2\/posts\/118063","targetHints":{"allow":["GET"]}}],"collection":[{"href":"https:\/\/www.europesays.com\/fr\/wp-json\/wp\/v2\/posts"}],"about":[{"href":"https:\/\/www.europesays.com\/fr\/wp-json\/wp\/v2\/types\/post"}],"author":[{"embeddable":true,"href":"https:\/\/www.europesays.com\/fr\/wp-json\/wp\/v2\/users\/2"}],"replies":[{"embeddable":true,"href":"https:\/\/www.europesays.com\/fr\/wp-json\/wp\/v2\/comments?post=118063"}],"version-history":[{"count":0,"href":"https:\/\/www.europesays.com\/fr\/wp-json\/wp\/v2\/posts\/118063\/revisions"}],"wp:featuredmedia":[{"embeddable":true,"href":"https:\/\/www.europesays.com\/fr\/wp-json\/wp\/v2\/media\/118064"}],"wp:attachment":[{"href":"https:\/\/www.europesays.com\/fr\/wp-json\/wp\/v2\/media?parent=118063"}],"wp:term":[{"taxonomy":"category","embeddable":true,"href":"https:\/\/www.europesays.com\/fr\/wp-json\/wp\/v2\/categories?post=118063"},{"taxonomy":"post_tag","embeddable":true,"href":"https:\/\/www.europesays.com\/fr\/wp-json\/wp\/v2\/tags?post=118063"}],"curies":[{"name":"wp","href":"https:\/\/api.w.org\/{rel}","templated":true}]}}