{"id":118065,"date":"2025-05-21T23:41:10","date_gmt":"2025-05-21T23:41:10","guid":{"rendered":"https:\/\/www.europesays.com\/fr\/118065\/"},"modified":"2025-05-21T23:41:10","modified_gmt":"2025-05-21T23:41:10","slug":"ufc-paris-2025-date-comment-regarder-toutes-les-informations-a-savoir","status":"publish","type":"post","link":"https:\/\/www.europesays.com\/fr\/118065\/","title":{"rendered":"UFC Paris 2025 : date, comment regarder\u2026 toutes les informations \u00e0 savoir\u00a0"},"content":{"rendered":"<p><a href=\"https:\/\/www.actumma.com\/wp-content\/uploads\/2025\/05\/benoit-saint-denis-ufc-mma-2.jpg\" target=\"_blank\" rel=\"noopener\"><img fetchpriority=\"high\" decoding=\"async\" width=\"1024\" height=\"538\" src=\"https:\/\/www.europesays.com\/fr\/wp-content\/uploads\/2025\/05\/benoit-saint-denis-ufc-mma-2-1024x538.jpg\" alt=\"UFC Paris 2025 : toutes les informations \u00e0 savoir\" class=\"wp-image-146839\"  \/><\/a>Cr\u00e9dit : Instagram @benoitst_denis<\/p>\n<p><strong>L\u2019UFC Paris 2025 devrait avoir lieu en septembre. D\u00e9couvrez toutes les informations d\u00e9j\u00e0 disponibles sur cet \u00e9v\u00e9nement.<\/strong><\/p>\n<p>Un \u00e9v\u00e9nement attendu par de nombreux Fran\u00e7ais ! Comme l\u2019a annonc\u00e9 <a href=\"https:\/\/www.actumma.com\/category\/combattants\/dana-white\/\" target=\"_blank\" rel=\"noreferrer noopener nofollow\">Dana White<\/a>, l\u2019UFC devrait poser ses bagages \u00e0 Paris en septembre pour la quatri\u00e8me \u00e9dition de l\u2019UFC Paris. L\u2019organisation a d\u00e9j\u00e0 r\u00e9alis\u00e9 trois \u00e9v\u00e9nements dans la capitale, un par an depuis 2022. Cet UFC 2025 pourrait \u00eatre sp\u00e9cial, puisque le boss de la big league, Dana White, <a href=\"https:\/\/www.actumma.com\/lufc-paris-de-retour-dana-white-repond-et-reagit-a-lufc-314\/141633\/\" target=\"_blank\" rel=\"noreferrer noopener nofollow\">a laiss\u00e9 entendre qu\u2019il pourrait \u00eatre pr\u00e9sent.<\/a> <\/p>\n<p>Quelle date pour l\u2019UFC Paris 2025 ?<\/p>\n<p>Comme chaque ann\u00e9e depuis 2022, l\u2019UFC Paris devrait avoir lieu en septembre. Le pr\u00e9sident de l\u2019organisation Dana White a d\u00e9clar\u00e9 pendant la conf\u00e9rence d\u2019apr\u00e8s-combat de l\u2019UFC 314 : \u00ab\u00a0Est-ce qu\u2019on reviendra \u00e0 Paris en septembre ? Je pense que oui. Vous savez ce qui est dingue ? Je ne suis encore jamais venu \u00e0 Paris pour les combats, mais on m\u2019a dit que l\u2019ambiance \u00e9tait exceptionnel, et que je devais absolument venir au prochain. Mais la r\u00e9ponse est oui, nous serons \u00e0 Paris cette ann\u00e9e.\u00a0\u00bb<\/p>\n<p>Comment regarder l\u2019UFC Paris 2025<\/p>\n<p>L\u2019\u00e9v\u00e9nement sera diffus\u00e9 par RMC Sport. Pour le regarder, RMC Sport propose une offre mensuelle \u00e0 25\u20ac pour 1 mois sans engagement, ou 19\u20ac\/mois pendant 1 an avec engagement (<a href=\"https:\/\/www.awin1.com\/awclick.php?gid=448180&amp;mid=33125&amp;awinaffid=608379&amp;linkid=3307959&amp;clickref=\" target=\"_blank\" rel=\"noreferrer noopener sponsored nofollow\">disponible ici<\/a>).<\/p>\n<p>Quelle carte pour l\u2019UFC Paris ?<\/p>\n<p>Pour le moment, il est difficile de savoir quels combattants seront pr\u00e9sents sur la carte de l\u2019UFC Paris. Toutefois, il y a fort \u00e0 parier que nous retrouverons certains gros noms fran\u00e7ais comme <a href=\"https:\/\/www.actumma.com\/category\/combattants\/benoit-saint-denis\/\" target=\"_blank\" rel=\"noreferrer noopener nofollow\">Beno\u00eet Saint Denis<\/a>, <a href=\"https:\/\/www.actumma.com\/category\/combattants\/ciryl-gane\/\" target=\"_blank\" rel=\"noreferrer noopener\">Ciryl Gane<\/a>, <a href=\"https:\/\/www.actumma.com\/category\/combattants\/manon-fiorot\/\" target=\"_blank\" rel=\"noreferrer noopener nofollow\">Manon Fiorot<\/a> ou encore <a href=\"https:\/\/www.actumma.com\/category\/combattants\/nassourdine-imavov\/\" target=\"_blank\" rel=\"noreferrer noopener nofollow\">Nassourdine Imavov<\/a>. <\/p>\n<p>Beno\u00eet Saint Denis a remport\u00e9 <a href=\"https:\/\/www.actumma.com\/benoit-saint-denis-soumet-kyle-prepolec-a-lufc-315-le-francais-se-relance\/145241\/\" target=\"_blank\" rel=\"noreferrer noopener\">une grosse victoire par soumission<\/a> \u00e0 l\u2019UFC 315. \u2018God of War\u2019 a une nouvelle rivalit\u00e9 avec Mateusz Gamrot, <a href=\"https:\/\/www.actumma.com\/mateusz-gamrot-menace-benoit-saint-denis-de-sortir-les-preuves-dune-esquive-jai-des-messages\/146690\/\" target=\"_blank\" rel=\"noreferrer noopener nofollow\">qui est pr\u00eat \u00e0 faire face au Fran\u00e7ais dans la capitale.<\/a> <\/p>\n<p>Ciryl Gane <a href=\"https:\/\/www.actumma.com\/ciryl-gane-sans-langue-de-bois-sur-son-prochain-combat-si-ca-prend-trop-de-temps\/146553\/\" target=\"_blank\" rel=\"noreferrer noopener nofollow\">a d\u00e9clar\u00e9<\/a> qu\u2019il \u00e9tait pr\u00eat \u00e0 faire son retour, bien qu\u2019il n\u2019ait pour le moment aucune id\u00e9e de qui sera son prochain adversaire. <\/p>\n<p>Manon Fiorot a \u00e9chou\u00e9 de peu dans sa qu\u00eate de la ceinture face \u00e0 Valentina Shevchenko, mais son entra\u00eeneur Aldric Cassata <a href=\"https:\/\/www.actumma.com\/le-coach-de-manon-fiorot-donne-des-nouvelles-de-son-etat-apres-sa-defaite-contre-shevchenko\/146588\/\" target=\"_blank\" rel=\"noreferrer noopener nofollow\">a affirm\u00e9<\/a> que \u2018The Beast\u2019 pourrait rapidement faire son retour. <\/p>\n<p>Nassourdine Imavov lui, est aux portes du title shot chez les poids moyens. <a href=\"https:\/\/www.actumma.com\/dricus-du-plessis-reagit-a-nassourdine-imavov-en-tant-que-remplacant-pour-lufc-319\/145854\/\" target=\"_blank\" rel=\"noreferrer noopener nofollow\">Il est le combattant rempla\u00e7ant<\/a> du prochain combat pour le titre entre Dricus du Plessis et Khamzat Chimaev qui aura lieu le 16 ao\u00fbt \u00e0 l\u2019UFC 319. Si une ceinture est en jeu pendant le prochain combat de \u2018The Sniper\u2019, il est peu probable qu\u2019il ait lieu lors d\u2019une Fight Night en Europe\u2026 <\/p>\n<p>Reste \u00e0 voir qui l\u2019UFC placera sur cette carte.<\/p>\n<p>Le prix des places<\/p>\n<p>Pour ce qui est du prix des places, voici les tarifs qui \u00e9taient \u00e9tablis pour l\u2019UFC 2024 : <\/p>\n<ul class=\"wp-block-list\">\n<li>Octogone 1\u00a0: 1903,30\u20ac<\/li>\n<li>Octogone 2\/3\u00a0: 1273,30\u20ac<\/li>\n<li>Octogone 3\/4\u00a0: 849,30\u20ac<\/li>\n<li>Cat\u00e9gorie 1\u00a0: 372,30\u20ac<\/li>\n<li>Cat\u00e9gorie 2\u00a0: 279,50\u20ac<\/li>\n<li>Cat\u00e9gorie 3\u00a0: 236,70\u20ac<\/li>\n<li>Cat\u00e9gorie 4\u00a0: 206,50\u20ac<\/li>\n<li>Cat\u00e9gorie 5\u00a0: 184,90\u20ac<\/li>\n<li>Cat\u00e9gorie 6\u00a0: 166,30\u20ac<\/li>\n<li>Cat\u00e9gorie 7\u00a0: 133,30\u20ac<\/li>\n<li>Cat\u00e9gorie 8 : 105,80\u20ac<\/li>\n<\/ul>\n<p><strong>Quels combattants aimeriez-vous voir pendant l\u2019UFC Paris 2025 ?<\/strong><\/p>\n<p><a href=\"https:\/\/youtu.be\/fc6spLuPY3c\" target=\"_blank\" rel=\" noreferrer noopener\"><img loading=\"lazy\" decoding=\"async\" width=\"1024\" height=\"575\" src=\"https:\/\/www.europesays.com\/fr\/wp-content\/uploads\/2025\/05\/ufc-315-reaction-mma-podcast-1024x575.jpg\" alt=\"ufc 315 r\u00e9action podcast\" class=\"wp-image-145545\"  \/><\/a><\/p>\n","protected":false},"excerpt":{"rendered":"Cr\u00e9dit : Instagram @benoitst_denis L\u2019UFC Paris 2025 devrait avoir lieu en septembre. D\u00e9couvrez toutes les informations d\u00e9j\u00e0 disponibles&hellip;\n","protected":false},"author":2,"featured_media":118066,"comment_status":"","ping_status":"","sticky":false,"template":"","format":"standard","meta":{"footnotes":""},"categories":[1888],"tags":[1111,1928,11,1927,23878,23879,23880,1777,674,1011,27,23881,1847,23882,12,1926,626,1925,25,1849,23883],"class_list":{"0":"post-118065","1":"post","2":"type-post","3":"status-publish","4":"format-standard","5":"has-post-thumbnail","7":"category-paris","8":"tag-actu","9":"tag-actu-paris","10":"tag-actualites","11":"tag-actualites-paris","12":"tag-benoit-saint-denis","13":"tag-ciryl-gane","14":"tag-dana-white","15":"tag-eu","16":"tag-europe","17":"tag-fr","18":"tag-france","19":"tag-manon-fiorot","20":"tag-mma","21":"tag-nassourdine-imavov","22":"tag-news","23":"tag-news-paris","24":"tag-paris","25":"tag-paris-news","26":"tag-republique-francaise","27":"tag-ufc","28":"tag-ufc-paris"},"share_on_mastodon":{"url":"https:\/\/pubeurope.com\/@fr\/114548472782322678","error":""},"_links":{"self":[{"href":"https:\/\/www.europesays.com\/fr\/wp-json\/wp\/v2\/posts\/118065","targetHints":{"allow":["GET"]}}],"collection":[{"href":"https:\/\/www.europesays.com\/fr\/wp-json\/wp\/v2\/posts"}],"about":[{"href":"https:\/\/www.europesays.com\/fr\/wp-json\/wp\/v2\/types\/post"}],"author":[{"embeddable":true,"href":"https:\/\/www.europesays.com\/fr\/wp-json\/wp\/v2\/users\/2"}],"replies":[{"embeddable":true,"href":"https:\/\/www.europesays.com\/fr\/wp-json\/wp\/v2\/comments?post=118065"}],"version-history":[{"count":0,"href":"https:\/\/www.europesays.com\/fr\/wp-json\/wp\/v2\/posts\/118065\/revisions"}],"wp:featuredmedia":[{"embeddable":true,"href":"https:\/\/www.europesays.com\/fr\/wp-json\/wp\/v2\/media\/118066"}],"wp:attachment":[{"href":"https:\/\/www.europesays.com\/fr\/wp-json\/wp\/v2\/media?parent=118065"}],"wp:term":[{"taxonomy":"category","embeddable":true,"href":"https:\/\/www.europesays.com\/fr\/wp-json\/wp\/v2\/categories?post=118065"},{"taxonomy":"post_tag","embeddable":true,"href":"https:\/\/www.europesays.com\/fr\/wp-json\/wp\/v2\/tags?post=118065"}],"curies":[{"name":"wp","href":"https:\/\/api.w.org\/{rel}","templated":true}]}}