{"id":118067,"date":"2025-05-21T23:42:09","date_gmt":"2025-05-21T23:42:09","guid":{"rendered":"https:\/\/www.europesays.com\/fr\/118067\/"},"modified":"2025-05-21T23:42:09","modified_gmt":"2025-05-21T23:42:09","slug":"previsions-du-jeudi-22-mai-2025-9","status":"publish","type":"post","link":"https:\/\/www.europesays.com\/fr\/118067\/","title":{"rendered":"pr\u00e9visions du jeudi 22 mai 2025"},"content":{"rendered":"<p>Il va faire 12\u00b0C en moyenne \u00e0 Paris aujourd&rsquo;hui. Un vent de nord soufflera un peu, avec 13 km\/h. La ville aura quelques \u00e9claircies le matin. L&rsquo;apr\u00e8s-midi, les perturbations seront toujours au rendez-vous avec des nuages. Des pluies \u00e9parses sont pr\u00e9vues. Les valeurs iront de 15 \u00e0 17\u00b0C. Le ciel va s&rsquo;\u00e9claircir dans la soir\u00e9e. Une nuit claire vous attendra entre jeudi et vendredi.<\/p>\n<p>Demain, c&rsquo;est une hausse de quelques degr\u00e9s que vont conna\u00eetre les temp\u00e9ratures dans la ville de Paris. Le mercure affichera 13\u00b0C en moyenne. Cette matin\u00e9e rimera avec beau soleil. Les temp\u00e9ratures avoisineront les 13\u00b0C. Un l\u00e9ger vent de nord-est sera ressenti par les habitants. Petits et grands pourront passer leur apr\u00e8s-midi sous un ciel l\u00e9g\u00e8rement nuageux. Les temp\u00e9ratures vont enregistrer une augmentation de quelques degr\u00e9s. Les valeurs s&rsquo;\u00e9chelonneront entre 16 et 18\u00b0C. Demain soir, un vent de nord-est rafra\u00eechira l\u00e9g\u00e8rement l&rsquo;atmosph\u00e8re.<\/p>\n<p>Samedi, la m\u00e9t\u00e9o sera nuageuse alors qu&rsquo;une d\u00e9gradation est annonc\u00e9e dimanche.<\/p>\n<p><\/p>\n","protected":false},"excerpt":{"rendered":"Il va faire 12\u00b0C en moyenne \u00e0 Paris aujourd&rsquo;hui. Un vent de nord soufflera un peu, avec 13&hellip;\n","protected":false},"author":2,"featured_media":118068,"comment_status":"","ping_status":"","sticky":false,"template":"","format":"standard","meta":{"footnotes":""},"categories":[1888],"tags":[11,1777,674,1011,27,662,12,626,2119,25],"class_list":{"0":"post-118067","1":"post","2":"type-post","3":"status-publish","4":"format-standard","5":"has-post-thumbnail","7":"category-paris","8":"tag-actualites","9":"tag-eu","10":"tag-europe","11":"tag-fr","12":"tag-france","13":"tag-ile-de-france","14":"tag-news","15":"tag-paris","16":"tag-previsions-meteo","17":"tag-republique-francaise"},"share_on_mastodon":{"url":"https:\/\/pubeurope.com\/@fr\/114548476719281235","error":""},"_links":{"self":[{"href":"https:\/\/www.europesays.com\/fr\/wp-json\/wp\/v2\/posts\/118067","targetHints":{"allow":["GET"]}}],"collection":[{"href":"https:\/\/www.europesays.com\/fr\/wp-json\/wp\/v2\/posts"}],"about":[{"href":"https:\/\/www.europesays.com\/fr\/wp-json\/wp\/v2\/types\/post"}],"author":[{"embeddable":true,"href":"https:\/\/www.europesays.com\/fr\/wp-json\/wp\/v2\/users\/2"}],"replies":[{"embeddable":true,"href":"https:\/\/www.europesays.com\/fr\/wp-json\/wp\/v2\/comments?post=118067"}],"version-history":[{"count":0,"href":"https:\/\/www.europesays.com\/fr\/wp-json\/wp\/v2\/posts\/118067\/revisions"}],"wp:featuredmedia":[{"embeddable":true,"href":"https:\/\/www.europesays.com\/fr\/wp-json\/wp\/v2\/media\/118068"}],"wp:attachment":[{"href":"https:\/\/www.europesays.com\/fr\/wp-json\/wp\/v2\/media?parent=118067"}],"wp:term":[{"taxonomy":"category","embeddable":true,"href":"https:\/\/www.europesays.com\/fr\/wp-json\/wp\/v2\/categories?post=118067"},{"taxonomy":"post_tag","embeddable":true,"href":"https:\/\/www.europesays.com\/fr\/wp-json\/wp\/v2\/tags?post=118067"}],"curies":[{"name":"wp","href":"https:\/\/api.w.org\/{rel}","templated":true}]}}