{"id":118083,"date":"2025-05-21T23:50:16","date_gmt":"2025-05-21T23:50:16","guid":{"rendered":"https:\/\/www.europesays.com\/fr\/118083\/"},"modified":"2025-05-21T23:50:16","modified_gmt":"2025-05-21T23:50:16","slug":"la-commission-europeenne-donne-son-feu-vert-au-plan-budgetaire-de-la-belgique","status":"publish","type":"post","link":"https:\/\/www.europesays.com\/fr\/118083\/","title":{"rendered":"La Commission europ\u00e9enne donne son feu vert au plan budg\u00e9taire de la Belgique"},"content":{"rendered":"<p class=\"ap-StoryElement ap-StoryElement--mb ap-StoryText\">En \u00e9change de cette flexibilit\u00e9, les Etats doivent pr\u00e9senter un programme s\u00e9rieux de r\u00e9formes et d&rsquo;investissements. C&rsquo;est ce que le gouvernement De Wever a fait, en mettant en avant des r\u00e9formes des pensions, du march\u00e9 du travail et de la fiscalit\u00e9.<\/p>\n<p class=\"ap-StoryElement ap-StoryElement--mb ap-StoryText\">La Commission a d\u00e9sormais approuv\u00e9 ce plan. Le ministre f\u00e9d\u00e9ral du Budget, Vincent Van Peteghem (CD&amp;V), a salu\u00e9 la reconnaissance de r\u00e9formes \u00ab\u00a0cr\u00e9dibles, n\u00e9cessaires et r\u00e9alistes\u00a0\u00bb. Il appartient d\u00e9sormais au gouvernement de mettre en oeuvre ces r\u00e9formes, a-t-il soulign\u00e9. \u00ab\u00a0Il est important que chaque mesure atteigne les objectifs fix\u00e9s par la r\u00e9forme et g\u00e9n\u00e8re des r\u00e9sultats budg\u00e9taires. Les plans sont ambitieux, le gouvernement doit l&rsquo;\u00eatre aussi.\u00a0\u00bb<\/p>\n<p><a href=\"https:\/\/www.dhnet.be\/regions\/bruxelles\/2025\/04\/25\/le-plan-du-ministre-sven-gatz-pour-tenter-de-garder-le-lourd-deficit-budgetaire-bruxellois-sous-controle-WTW4UHD4DZFRPJLPPO3A35BGBA\/\" target=\"_blank\" rel=\"noopener noreferrer nofollow\" class=\"ap-StoryInterstitialLink ap-StoryElement ap-StoryElement--mb\">Le plan du ministre Sven Gatz pour tenter de garder le lourd d\u00e9ficit budg\u00e9taire bruxellois sous contr\u00f4le<\/a><\/p>\n<p class=\"ap-StoryElement ap-StoryElement--mb ap-StoryText\">L&rsquo;approbation du plan pluriannuel belge s&rsquo;accompagne toutefois d&rsquo;un encadrement strict de la croissance des d\u00e9penses nettes. \u00c9tant donn\u00e9 que le gouvernement, apr\u00e8s de longues n\u00e9gociations pour former une coalition, n&rsquo;a pris ses fonctions qu&rsquo;au d\u00e9but de l&rsquo;ann\u00e9e, les d\u00e9penses pourront encore augmenter de 3,6% cette ann\u00e9e. En 2026 et 2027, la croissance des d\u00e9penses nettes devra \u00eatre limit\u00e9e \u00e0 2,5%, puis \u00e0 2,1% en 2028 et 2029.<\/p>\n<p class=\"ap-StoryElement ap-StoryElement--mb ap-StoryText\">Selon les calculs de la Commission, cette trajectoire de d\u00e9penses devrait permettre de ramener le <a href=\"https:\/\/www.lalibre.be\/economie\/decideurs-chroniqueurs\/2025\/01\/13\/le-deficit-public-est-un-triple-impot-WNXTG3OU3VFXHGRG2BY27CS53Q\/\" target=\"_blank\" rel=\"nofollow noopener\">d\u00e9ficit<\/a> budg\u00e9taire en dessous du seuil de 3% du produit int\u00e9rieur brut (PIB) d&rsquo;ici 2029. Avant l&rsquo;approbation du plan belge, la date limite \u00e9tait fix\u00e9e \u00e0 2027.<\/p>\n<p class=\"ap-StoryElement ap-StoryElement--mb ap-StoryText\">La Belgique a termin\u00e9 l&rsquo;ann\u00e9e derni\u00e8re avec un d\u00e9ficit de 4,5%. La proc\u00e9dure en d\u00e9ficit excessif oblige un pays \u00e0 r\u00e9duire chaque ann\u00e9e d&rsquo;au moins 0,5 point de pourcentage le d\u00e9ficit jusqu&rsquo;\u00e0 ce qu&rsquo;il repasse sous le seuil des 3%. Ce seuil ne sera pas atteint cette ann\u00e9e en Belgique, mais dans les ann\u00e9es \u00e0 venir, le d\u00e9ficit devrait \u00eatre r\u00e9duit plus rapidement.<\/p>\n<p class=\"ap-StoryElement ap-StoryElement--mb ap-StoryText\">D&rsquo;ici le 15 octobre, la Belgique doit, avec le projet de budget pour 2026, pr\u00e9senter les mesures ad\u00e9quates pour r\u00e9duire le d\u00e9ficit. Par la suite, le pays devra rendre compte tous les six mois de ses progr\u00e8s.<\/p>\n","protected":false},"excerpt":{"rendered":"En \u00e9change de cette flexibilit\u00e9, les Etats doivent pr\u00e9senter un programme s\u00e9rieux de r\u00e9formes et d&rsquo;investissements. C&rsquo;est ce&hellip;\n","protected":false},"author":2,"featured_media":118084,"comment_status":"","ping_status":"","sticky":false,"template":"","format":"standard","meta":{"footnotes":""},"categories":[1586],"tags":[11,1003,1777,674,1779,1011,27,12,25,1778,364],"class_list":{"0":"post-118083","1":"post","2":"type-post","3":"status-publish","4":"format-standard","5":"has-post-thumbnail","7":"category-europe","8":"tag-actualites","9":"tag-budget","10":"tag-eu","11":"tag-europe","12":"tag-european-union","13":"tag-fr","14":"tag-france","15":"tag-news","16":"tag-republique-francaise","17":"tag-ue","18":"tag-union-europeenne"},"share_on_mastodon":{"url":"https:\/\/pubeurope.com\/@fr\/114548508212741628","error":""},"_links":{"self":[{"href":"https:\/\/www.europesays.com\/fr\/wp-json\/wp\/v2\/posts\/118083","targetHints":{"allow":["GET"]}}],"collection":[{"href":"https:\/\/www.europesays.com\/fr\/wp-json\/wp\/v2\/posts"}],"about":[{"href":"https:\/\/www.europesays.com\/fr\/wp-json\/wp\/v2\/types\/post"}],"author":[{"embeddable":true,"href":"https:\/\/www.europesays.com\/fr\/wp-json\/wp\/v2\/users\/2"}],"replies":[{"embeddable":true,"href":"https:\/\/www.europesays.com\/fr\/wp-json\/wp\/v2\/comments?post=118083"}],"version-history":[{"count":0,"href":"https:\/\/www.europesays.com\/fr\/wp-json\/wp\/v2\/posts\/118083\/revisions"}],"wp:featuredmedia":[{"embeddable":true,"href":"https:\/\/www.europesays.com\/fr\/wp-json\/wp\/v2\/media\/118084"}],"wp:attachment":[{"href":"https:\/\/www.europesays.com\/fr\/wp-json\/wp\/v2\/media?parent=118083"}],"wp:term":[{"taxonomy":"category","embeddable":true,"href":"https:\/\/www.europesays.com\/fr\/wp-json\/wp\/v2\/categories?post=118083"},{"taxonomy":"post_tag","embeddable":true,"href":"https:\/\/www.europesays.com\/fr\/wp-json\/wp\/v2\/tags?post=118083"}],"curies":[{"name":"wp","href":"https:\/\/api.w.org\/{rel}","templated":true}]}}