{"id":11810,"date":"2025-04-09T04:44:31","date_gmt":"2025-04-09T04:44:31","guid":{"rendered":"https:\/\/www.europesays.com\/fr\/11810\/"},"modified":"2025-04-09T04:44:31","modified_gmt":"2025-04-09T04:44:31","slug":"lallemagne-commemore-le-80e-anniversaire-de-la-liberation-du-camp-de-concentration-de-buchenwald","status":"publish","type":"post","link":"https:\/\/www.europesays.com\/fr\/11810\/","title":{"rendered":"L&rsquo;Allemagne comm\u00e9more le 80e anniversaire de la lib\u00e9ration du camp de concentration de Buchenwald"},"content":{"rendered":"<p>L&rsquo;Allemagne a comm\u00e9mor\u00e9 ce dimanche le 80e anniversaire de la lib\u00e9ration du camp de concentration nazi de Buchenwald, tandis que l&rsquo;un des anciens pr\u00e9sidents du pays mettait en garde contre \u00ab\u00a0la radicalisation et le glissement vers la droite \u00e0 l&rsquo;\u00e9chelle mondiale\u00a0\u00bb.<\/p>\n<p>Le 80e anniversaire de la lib\u00e9ration du camp de concentration de Buchenwald a \u00e9t\u00e9 comm\u00e9mor\u00e9 ce dimanche dans la ville allemande de Weimar. Une c\u00e9r\u00e9monie \u00e0 laquelle a particip\u00e9 l&rsquo;ancien pr\u00e9sident du pays, Christian Wulff.<\/p>\n<p>Dans un discours prononc\u00e9 \u00e0 cette occasion, il a mis en garde contre la radicalisation et un glissement mondial vers l&rsquo;extr\u00eame droite.<\/p>\n<p><img decoding=\"async\" class=\"caas-img caas-lazy has-preview\" alt=\"L'ancien pr\u00e9sident allemand Christian Wulff lors d'une c\u00e9r\u00e9monie marquant le 80e anniversaire de la lib\u00e9ration du camp de concentration de Buchenwald, dimanche 6 avril 2025\" src=\"https:\/\/www.europesays.com\/fr\/wp-content\/uploads\/2025\/04\/05ecf5f6068486a80f02e4dc9e23e123.jpeg\"\/><\/p>\n<p> L&rsquo;ancien pr\u00e9sident allemand Christian Wulff lors d&rsquo;une c\u00e9r\u00e9monie marquant le 80e anniversaire de la lib\u00e9ration du camp de concentration de Buchenwald, dimanche 6 avril 2025   &#8211; Bodo Schackow\/(c) Copyright 2025, dpa (www.dpa.de). Alle Rechte vorbehalten <\/p>\n<p>\u00ab\u00a0En raison de la brutalisation, de la radicalisation et du glissement mondial vers la droite, je peux maintenant &#8211; et cela me met mal \u00e0 l&rsquo;aise &#8211; imaginer plus clairement comment cela aurait pu se produire \u00e0 l&rsquo;\u00e9poque. C&rsquo;est terrifiant pour moi, et je pense qu&rsquo;il est imp\u00e9ratif que les g\u00e9n\u00e9rations d&rsquo;aujourd&rsquo;hui renforcent leur engagement \u00e0 d\u00e9fendre activement nos valeurs avec courage et attitude afin d&#8217;emp\u00eacher le retour des d\u00e9mons des 19e et 20e si\u00e8cles\u00a0\u00bb, a d\u00e9clar\u00e9 M. Wulff en faisant r\u00e9f\u00e9rence aux d\u00e9veloppements qui ont conduit \u00e0 la consolidation du pouvoir nazi.<\/p>\n<p>Il a appel\u00e9 \u00e0 un engagement actif en faveur de la d\u00e9mocratie et de la pr\u00e9servation de l&rsquo;humanit\u00e9 : \u00ab\u00a0nous portons une responsabilit\u00e9 permanente, continue et \u00e9ternelle, car il ne faut plus jamais laisser le mal l&#8217;emporter.\u00a0\u00bb L&rsquo;ancien pr\u00e9sident allemand a critiqu\u00e9 la mont\u00e9e du sentiment anti-immigration, d\u00e9fendu par le parti d&rsquo;extr\u00eame droite Alternative f\u00fcr Deutschland (AfD).<\/p>\n<p>Il a d\u00e9clar\u00e9 que ceux qui \u00ab\u00a0banalisent\u00a0\u00bb le parti \u00ab\u00a0ignorent le fait que son id\u00e9ologie cr\u00e9e un terrain propice pour que les gens se sentent mal \u00e0 l&rsquo;aise en Allemagne et qu&rsquo;ils soient r\u00e9ellement en danger.\u00a0\u00bb<\/p>\n<p><img decoding=\"async\" class=\"caas-img caas-lazy has-preview\" alt=\"Naftali F\u00fcrst s'exprime \u00e0 l'occasion du 80e anniversaire de la lib\u00e9ration du camp de concentration de Buchenwald, le dimanche 6 avril 2025\" src=\"https:\/\/www.europesays.com\/fr\/wp-content\/uploads\/2025\/04\/7ddfe47cf43e6433548b18a8aec80f7f.jpeg\"\/><\/p>\n<p> Naftali F\u00fcrst s&rsquo;exprime \u00e0 l&rsquo;occasion du 80e anniversaire de la lib\u00e9ration du camp de concentration de Buchenwald, le dimanche 6 avril 2025   &#8211; Bodo Schackow\/(c) Copyright 2025, dpa (www.dpa.de). Alle Rechte vorbehalten <\/p>\n<p>Naftali F\u00fcrst, 92 ans, survivant de l&rsquo;Holocauste, a pris la parole lors de la c\u00e9r\u00e9monie de d\u00e9p\u00f4t de gerbes qui s&rsquo;est d\u00e9roul\u00e9e dans l&rsquo;ancienne zone d&rsquo;appel du camp. Il a pass\u00e9 les \u00e2ges de 9 \u00e0 12 ans dans quatre camps de concentration diff\u00e9rents, dont le tristement c\u00e9l\u00e8bre Auschwitz.<\/p>\n<p>\u00ab\u00a0Aujourd&rsquo;hui, nous ne sommes plus que tr\u00e8s peu nombreux. Bient\u00f4t, nous vous transmettrons d\u00e9finitivement le b\u00e2ton de la m\u00e9moire. Ce faisant, nous vous confions une responsabilit\u00e9 historique\u00a0\u00bb, a d\u00e9clar\u00e9 M. F\u00fcrst en s&rsquo;adressant aux survivants de l&rsquo;Holocauste, de moins en moins nombreux.\u00a0\u00bbSouvenez-vous en notre nom de ce que vous avez appris de nous. Parce que vous \u00eates les t\u00e9moins des t\u00e9moins. (&#8230;)\u00a0\u00bbRevenez toujours ici, \u00e0 Buchenwald, o\u00f9 la civilisation a \u00e9t\u00e9 r\u00e9duite \u00e0 n\u00e9ant. Restez vigilants en notre nom et en notre m\u00e9moire\u00a0\u00bb, a-t-il ajout\u00e9.<\/p>\n","protected":false},"excerpt":{"rendered":"L&rsquo;Allemagne a comm\u00e9mor\u00e9 ce dimanche le 80e anniversaire de la lib\u00e9ration du camp de concentration nazi de Buchenwald,&hellip;\n","protected":false},"author":2,"featured_media":11811,"comment_status":"","ping_status":"","sticky":false,"template":"","format":"standard","meta":{"footnotes":""},"categories":[1587],"tags":[11,672,5538,1804,5542,5540,5539,5543,1805,1803,1777,674,1801,5541,12,1802],"class_list":{"0":"post-11810","1":"post","2":"type-post","3":"status-publish","4":"format-standard","5":"has-post-thumbnail","7":"category-allemagne","8":"tag-actualites","9":"tag-allemagne","10":"tag-buchenwald","11":"tag-bundesrepublik-deutschland","12":"tag-camp","13":"tag-camp-de-concentration","14":"tag-christian-wulff","15":"tag-concentration","16":"tag-de","17":"tag-deutschland","18":"tag-eu","19":"tag-europe","20":"tag-germany","21":"tag-la-liberation","22":"tag-news","23":"tag-republique-federale-dallemagne"},"share_on_mastodon":{"url":"https:\/\/pubeurope.com\/@fr\/114306185441104385","error":""},"_links":{"self":[{"href":"https:\/\/www.europesays.com\/fr\/wp-json\/wp\/v2\/posts\/11810","targetHints":{"allow":["GET"]}}],"collection":[{"href":"https:\/\/www.europesays.com\/fr\/wp-json\/wp\/v2\/posts"}],"about":[{"href":"https:\/\/www.europesays.com\/fr\/wp-json\/wp\/v2\/types\/post"}],"author":[{"embeddable":true,"href":"https:\/\/www.europesays.com\/fr\/wp-json\/wp\/v2\/users\/2"}],"replies":[{"embeddable":true,"href":"https:\/\/www.europesays.com\/fr\/wp-json\/wp\/v2\/comments?post=11810"}],"version-history":[{"count":0,"href":"https:\/\/www.europesays.com\/fr\/wp-json\/wp\/v2\/posts\/11810\/revisions"}],"wp:featuredmedia":[{"embeddable":true,"href":"https:\/\/www.europesays.com\/fr\/wp-json\/wp\/v2\/media\/11811"}],"wp:attachment":[{"href":"https:\/\/www.europesays.com\/fr\/wp-json\/wp\/v2\/media?parent=11810"}],"wp:term":[{"taxonomy":"category","embeddable":true,"href":"https:\/\/www.europesays.com\/fr\/wp-json\/wp\/v2\/categories?post=11810"},{"taxonomy":"post_tag","embeddable":true,"href":"https:\/\/www.europesays.com\/fr\/wp-json\/wp\/v2\/tags?post=11810"}],"curies":[{"name":"wp","href":"https:\/\/api.w.org\/{rel}","templated":true}]}}