{"id":118104,"date":"2025-05-22T00:05:19","date_gmt":"2025-05-22T00:05:19","guid":{"rendered":"https:\/\/www.europesays.com\/fr\/118104\/"},"modified":"2025-05-22T00:05:19","modified_gmt":"2025-05-22T00:05:19","slug":"testament-secret-ce-que-revele-le-livre-sur-alain-delon-linfo-re","status":"publish","type":"post","link":"https:\/\/www.europesays.com\/fr\/118104\/","title":{"rendered":"Testament secret : ce que r\u00e9v\u00e8le le livre sur Alain Delon &#8211; LINFO.re"},"content":{"rendered":"<p>\u00c0 l\u2019approche de la publication du livre Les derniers jours du Samoura\u00ef (\u00e9ditions Robert Laffont), co\u00e9crit par Laurence Pieau et Fran\u00e7ois Vignolle, de nouvelles r\u00e9v\u00e9lations secouent l\u2019entourage d\u2019Alain Delon.<\/p>\n<p>Les auteurs, Laurence Pieau \u2013 ex-r\u00e9dactrice en chef de Closer \u2013 et Fran\u00e7ois Vignolle \u2013 sp\u00e9cialiste des enqu\u00eates police\/justice pour le groupe M6 \u2013, explorent en profondeur les tensions familiales et les relations complexes entre les membres du<strong> <a href=\"https:\/\/www.linfo.re\/tags\/alain-delon\" target=\"_blank\" rel=\"nofollow noopener\">clan Delon<\/a><\/strong>. Parmi les \u00e9l\u00e9ments marquants de leur enqu\u00eate, ils r\u00e9v\u00e8lent l\u2019existence d\u2019un second testament, dat\u00e9 de 2022.\u00a0<\/p>\n<p><strong>Un testament secret d\u00e9couvert<\/strong><\/p>\n<p>D\u2019apr\u00e8s un article publi\u00e9 le 21 mai sur le site de Paris Match, un deuxi\u00e8me testament, longtemps gard\u00e9 confidentiel, viendrait bouleverser la donne. R\u00e9v\u00e9l\u00e9 dans le livre, ce document conf\u00e9rerait \u00e0 <a href=\"https:\/\/www.linfo.re\/magazine\/people\/affaire-delon-la-reponse-d-anouchka-a-son-frere-anthony\" target=\"_blank\" rel=\"nofollow noopener\"><strong>Anouchka\u00a0Delon<\/strong><\/a> l\u2019exclusivit\u00e9 du <strong>droit moral sur l\u2019\u0153uvre de son p\u00e8re<\/strong>. Cela signifie que la fille cadette de l\u2019acteur d\u00e9tiendrait d\u00e9sormais le pouvoir de valider ou refuser tout projet li\u00e9 \u00e0 la m\u00e9moire et \u00e0 l\u2019image de son p\u00e8re.<\/p>\n<p><strong>Un enfant cach\u00e9 \u00e9voqu\u00e9<\/strong><\/p>\n<p>Autre r\u00e9v\u00e9lation contenue dans l\u2019enqu\u00eate\u00a0: <strong>Alain Delon<\/strong> aurait eu une fille non reconnue, issue d\u2019une relation avec une prostitu\u00e9e vietnamienne durant son service militaire en Indochine. L\u2019acteur aurait confi\u00e9 ce secret \u00e0 quelques proches, notamment Hiromi, sa compagne des derni\u00e8res ann\u00e9es.<\/p>\n<p><strong>Un <a href=\"https:\/\/www.linfo.re\/magazine\/people\/les-tensions-familiales-d-alain-delon-les-raisons-du-conflit-entre-ses-enfants-anthony-et-anouchka\" target=\"_blank\" rel=\"nofollow noopener\">h\u00e9ritage<\/a> charg\u00e9 de myst\u00e8res<\/strong><\/p>\n<p>D\u00e9c\u00e9d\u00e9 il y a neuf mois, <strong>Alain Delon<\/strong> laisse derri\u00e8re lui un patrimoine disput\u00e9 et des secrets familiaux encore non \u00e9lucid\u00e9s. L\u2019ouvrage de Pieau et Vignolle, \u00e0 para\u00eetre le 22 mai, promet d\u2019apporter un \u00e9clairage in\u00e9dit sur les derniers instants d\u2019une l\u00e9gende du cin\u00e9ma fran\u00e7ais.<\/p>\n","protected":false},"excerpt":{"rendered":"\u00c0 l\u2019approche de la publication du livre Les derniers jours du Samoura\u00ef (\u00e9ditions Robert Laffont), co\u00e9crit par Laurence&hellip;\n","protected":false},"author":2,"featured_media":118105,"comment_status":"","ping_status":"","sticky":false,"template":"","format":"standard","meta":{"footnotes":""},"categories":[1357],"tags":[47,5960,1379,58,59,1011,27,1922,1380,1031,973],"class_list":{"0":"post-118104","1":"post","2":"type-post","3":"status-publish","4":"format-standard","5":"has-post-thumbnail","7":"category-livres","8":"tag-actualite","9":"tag-alain-delon","10":"tag-books","11":"tag-divertissement","12":"tag-entertainment","13":"tag-fr","14":"tag-france","15":"tag-info","16":"tag-livres","17":"tag-magazine","18":"tag-people"},"share_on_mastodon":{"url":"https:\/\/pubeurope.com\/@fr\/114548567188071978","error":""},"_links":{"self":[{"href":"https:\/\/www.europesays.com\/fr\/wp-json\/wp\/v2\/posts\/118104","targetHints":{"allow":["GET"]}}],"collection":[{"href":"https:\/\/www.europesays.com\/fr\/wp-json\/wp\/v2\/posts"}],"about":[{"href":"https:\/\/www.europesays.com\/fr\/wp-json\/wp\/v2\/types\/post"}],"author":[{"embeddable":true,"href":"https:\/\/www.europesays.com\/fr\/wp-json\/wp\/v2\/users\/2"}],"replies":[{"embeddable":true,"href":"https:\/\/www.europesays.com\/fr\/wp-json\/wp\/v2\/comments?post=118104"}],"version-history":[{"count":0,"href":"https:\/\/www.europesays.com\/fr\/wp-json\/wp\/v2\/posts\/118104\/revisions"}],"wp:featuredmedia":[{"embeddable":true,"href":"https:\/\/www.europesays.com\/fr\/wp-json\/wp\/v2\/media\/118105"}],"wp:attachment":[{"href":"https:\/\/www.europesays.com\/fr\/wp-json\/wp\/v2\/media?parent=118104"}],"wp:term":[{"taxonomy":"category","embeddable":true,"href":"https:\/\/www.europesays.com\/fr\/wp-json\/wp\/v2\/categories?post=118104"},{"taxonomy":"post_tag","embeddable":true,"href":"https:\/\/www.europesays.com\/fr\/wp-json\/wp\/v2\/tags?post=118104"}],"curies":[{"name":"wp","href":"https:\/\/api.w.org\/{rel}","templated":true}]}}