{"id":118114,"date":"2025-05-22T00:11:13","date_gmt":"2025-05-22T00:11:13","guid":{"rendered":"https:\/\/www.europesays.com\/fr\/118114\/"},"modified":"2025-05-22T00:11:13","modified_gmt":"2025-05-22T00:11:13","slug":"cannes-2025-nabilla-sincline-devant-le-protocole-sa-poitrine-beaucoup-moins","status":"publish","type":"post","link":"https:\/\/www.europesays.com\/fr\/118114\/","title":{"rendered":"CANNES 2025. Nabilla s\u2019incline devant le protocole\u2026 sa poitrine beaucoup moins"},"content":{"rendered":"<p>D\u00e9j\u00e0 78 ans que chaque ann\u00e9e, le Festival de Cannes attire les<br \/>\ncam\u00e9ras du monde entier. Autant d\u2019ann\u00e9es o\u00f9 la croisette se<br \/>\ntransforme en un tapis rouge g\u00e9ant et voit d\u00e9filer les stars du<br \/>\nmonde entier. Cependant pour cette nouvelle \u00e9dition, la direction a<br \/>\n\u00e9mis une nouvelle r\u00e8gle : <strong>la nudit\u00e9 est proscrite<\/strong>,<br \/>\npour \u201cdes raisons de d\u00e9cence\u201d. En effet, depuis quelques<br \/>\nann\u00e9es, des stars \u00e0 l\u2019instar de <a href=\"https:\/\/www.closermag.fr\/people\/bianca-censori-entierement-nue-aux-grammys-apres-le-scandale-elle-remet-ca-et-ca-pourrait-etre-la-fois-de-trop-3524105\" rel=\"nofollow noopener\" target=\"_blank\"><br \/>\nBianca Censori lors des Grammy Awards<\/a> ont port\u00e9 des tenues<br \/>\ntr\u00e8s\u2026 os\u00e9es.<\/p>\n<p>Invit\u00e9e \u00e0 l\u2019occasion de la projection du film \u201cThe History of<br \/>\nSound\u201d, Nabilla a donc tenu \u00e0 respecter le protocole. Mais sa robe<br \/>\ntr\u00e8s d\u00e9collet\u00e9e laissait voir une grande partie de sa poitrine.<\/p>\n<p>Cannes 2025 : Nabilla appara\u00eet dans une robe tr\u00e8s sexy<\/p>\n<p>Comme toujours, Nabilla est apparue plus sexy que jamais sur le<br \/>\ntapis rouge, mercredi 21 mai. Elle portait <strong>une magnifique<br \/>\nrobe blanche,<\/strong> avec un <a href=\"https:\/\/www.closermag.fr\/people\/cannes-2025-eva-longoria-pour-son-retour-sur-les-marches-elle-ose-le-decollete-plongeant-3546094\" rel=\"nofollow noopener\" target=\"_blank\"><br \/>\nd\u00e9collet\u00e9 plongeant.<\/a><\/p>\n<p>Si cette ann\u00e9e, les stars n\u2019ont pas le droit de d\u00e9voiler<br \/>\ncertaines parties de leurs corps, sa poitrine avait envie de se<br \/>\nfaire la malle. N\u00e9anmoins, <a href=\"https:\/\/www.closermag.fr\/people\/cannes-2025-nabilla-au-plus-mal-elle-vit-la-pire-mesaventure-possible-sur-la-croisette-3547032\" rel=\"nofollow noopener\" target=\"_blank\"><br \/>\nla robe choisie par Nabilla<\/a> la mettait tr\u00e8s en valeur, avec un<br \/>\ncintrage au niveau de la taille.<\/p>\n<p>Nabilla et Thomas Vergara posent sur le<br \/>\ntapis rouge<\/p>\n<p>Concernant la mise en beaut\u00e9, la cr\u00e9atrice de contenu portrait<br \/>\nun collier fin de couleur argent, qui ne volait pas la vedette \u00e0 sa<br \/>\nrobe. Elle avait aussi quelques bagues assez simples, tout comme sa<br \/>\nmise en beaut\u00e9 naturelle. Nabilla a choisi de d\u00e9tacher ses cheveux,<br \/>\nlaissant ses long cheveux bruns ondul\u00e9s tomber dans son dos.<\/p>\n<p>Pour cette mont\u00e9e des marches, elle \u00e9tait accompagn\u00e9e de<br \/>\n<strong>son mari, Thomas Vergara.<\/strong> Il potrait un \u00e9l\u00e9gant<br \/>\nsmoking noir, simple et \u00e9l\u00e9gant.<\/p>\n<p>Diaporama<br \/>\n<img decoding=\"async\" class=\"diapo_img img-responsive lazy-load\" loading=\"lazy\" src=\"https:\/\/www.europesays.com\/fr\/wp-content\/uploads\/2025\/05\/bestimage_00707816_000022.jpg\"\/><\/p>\n<p>\u00a9 Olivier Borde\/ Bestimage<\/p>\n<p>1\/5 Mont\u00e9e des marches du film \u00ab The history<br \/>\nof sound \u00bb lors du 78\u00e8me Festival International du Film de<br \/>\nCannes<\/p>\n<p>Nabilla Benattia &#8211; Mont\u00e9e des marches du<br \/>\nfilm \u00ab The history of sound \u00bb lors du 78\u00e8me Festival International<br \/>\ndu Film de Cannes, au Palais des Festivals \u00e0 Cannes. Le 21 mai<br \/>\n2025<\/p>\n<p><img decoding=\"async\" class=\"diapo_img img-responsive lazy-load\" loading=\"lazy\" src=\"https:\/\/www.europesays.com\/fr\/wp-content\/uploads\/2025\/05\/bestimage_00707816_000023.jpg\"\/><\/p>\n<p>\u00a9 Jacovides-Moreau \/ Bestimage<\/p>\n<p>2\/5 M &#8211; Mont\u00e9e des marches du film \u00ab The<br \/>\nhistory of sound \u00bb lors du 78\u00e8me Festival International du Film de<br \/>\nCannes<\/p>\n<p>Nabilla Benattia : sa poitrine manque de sortir de sa robe<\/p>\n<p><img decoding=\"async\" class=\"diapo_img img-responsive lazy-load\" loading=\"lazy\" src=\"https:\/\/www.europesays.com\/fr\/wp-content\/uploads\/2025\/05\/bestimage_00707816_000026.jpg\"\/><\/p>\n<p>\u00a9 Jacovides-Moreau \/ Bestimage<\/p>\n<p>3\/5 Mont\u00e9e des marches du film \u00ab The history<br \/>\nof sound \u00bb lors du 78\u00e8me Festival International du Film de<br \/>\nCannes<\/p>\n<p>Nabilla Benattia sexy dans sa robe<br \/>\nblanche<\/p>\n<p><img decoding=\"async\" class=\"diapo_img img-responsive lazy-load\" loading=\"lazy\" src=\"https:\/\/www.europesays.com\/fr\/wp-content\/uploads\/2025\/05\/bestimage_00707816_000028.jpg\"\/><\/p>\n<p>\u00a9 Jacovides-Moreau \/ Bestimage<\/p>\n<p>4\/5 Mont\u00e9e des marches du film \u00ab The history<br \/>\nof sound \u00bb lors du 78\u00e8me Festival International du Film de<br \/>\nCannes<\/p>\n<p>Nabilla pose sur le tapis rouge sur pour le Festival de<br \/>\nCannes,\u00a0<\/p>\n<p><img decoding=\"async\" class=\"diapo_img img-responsive lazy-load\" loading=\"lazy\" src=\"https:\/\/www.europesays.com\/fr\/wp-content\/uploads\/2025\/05\/bestimage_00707817_000070.jpg\"\/><\/p>\n<p>\u00a9 Jacovides-Moreau \/ Bestimage<\/p>\n<p>5\/5 B &#8211; Mont\u00e9e des marches du film \u00ab The<br \/>\nhistory of sound \u00bb lors du 78\u00e8me Festival International du Film de<br \/>\nCannes<\/p>\n<p>Nabilla Benattia et son mari Thomas Vergara &#8211; Mont\u00e9e des marches<br \/>\ndu film \u00ab The history of sound \u00bb lors du 78\u00e8me Festival<br \/>\nInternational du Film de Cannes, au Palais des Festivals \u00e0 Cannes.<br \/>\nLe 21 mai 2025\u00a0<\/p>\n","protected":false},"excerpt":{"rendered":"D\u00e9j\u00e0 78 ans que chaque ann\u00e9e, le Festival de Cannes attire les cam\u00e9ras du monde entier. Autant d\u2019ann\u00e9es&hellip;\n","protected":false},"author":2,"featured_media":118115,"comment_status":"","ping_status":"","sticky":false,"template":"","format":"standard","meta":{"footnotes":""},"categories":[8],"tags":[58,59,1011,27,1638],"class_list":{"0":"post-118114","1":"post","2":"type-post","3":"status-publish","4":"format-standard","5":"has-post-thumbnail","7":"category-divertissement","8":"tag-divertissement","9":"tag-entertainment","10":"tag-fr","11":"tag-france","12":"tag-has_diapo"},"share_on_mastodon":{"url":"https:\/\/pubeurope.com\/@fr\/114548590856862573","error":""},"_links":{"self":[{"href":"https:\/\/www.europesays.com\/fr\/wp-json\/wp\/v2\/posts\/118114","targetHints":{"allow":["GET"]}}],"collection":[{"href":"https:\/\/www.europesays.com\/fr\/wp-json\/wp\/v2\/posts"}],"about":[{"href":"https:\/\/www.europesays.com\/fr\/wp-json\/wp\/v2\/types\/post"}],"author":[{"embeddable":true,"href":"https:\/\/www.europesays.com\/fr\/wp-json\/wp\/v2\/users\/2"}],"replies":[{"embeddable":true,"href":"https:\/\/www.europesays.com\/fr\/wp-json\/wp\/v2\/comments?post=118114"}],"version-history":[{"count":0,"href":"https:\/\/www.europesays.com\/fr\/wp-json\/wp\/v2\/posts\/118114\/revisions"}],"wp:featuredmedia":[{"embeddable":true,"href":"https:\/\/www.europesays.com\/fr\/wp-json\/wp\/v2\/media\/118115"}],"wp:attachment":[{"href":"https:\/\/www.europesays.com\/fr\/wp-json\/wp\/v2\/media?parent=118114"}],"wp:term":[{"taxonomy":"category","embeddable":true,"href":"https:\/\/www.europesays.com\/fr\/wp-json\/wp\/v2\/categories?post=118114"},{"taxonomy":"post_tag","embeddable":true,"href":"https:\/\/www.europesays.com\/fr\/wp-json\/wp\/v2\/tags?post=118114"}],"curies":[{"name":"wp","href":"https:\/\/api.w.org\/{rel}","templated":true}]}}