{"id":118118,"date":"2025-05-22T00:13:09","date_gmt":"2025-05-22T00:13:09","guid":{"rendered":"https:\/\/www.europesays.com\/fr\/118118\/"},"modified":"2025-05-22T00:13:09","modified_gmt":"2025-05-22T00:13:09","slug":"bouscule-par-trump-le-g7-finances-en-quete-dunite-sur-leconomie-et-lukraine-actualites","status":"publish","type":"post","link":"https:\/\/www.europesays.com\/fr\/118118\/","title":{"rendered":"Bouscul\u00e9 par Trump, le G7 Finances en qu\u00eate d&rsquo;unit\u00e9 sur l&rsquo;\u00e9conomie et l&rsquo;Ukraine : Actualit\u00e9s"},"content":{"rendered":"<p class=\"lead \">Les ministres des Finances des pays du G7 cherchent mercredi au Canada \u00e0 retisser des liens pour parler d&rsquo;une voix commune en mati\u00e8re d&rsquo;\u00e9conomie et de soutien \u00e0 l&rsquo;Ukraine, malgr\u00e9 les lignes de fracture apparues depuis le retour de Donald Trump au pouvoir.<\/p>\n<p class=\"lead \">Pour cette r\u00e9union, qui se d\u00e9roule jusqu&rsquo;\u00e0 jeudi dans le parc national de Banff au coeur des Rocheuses (ouest), la pr\u00e9sidence canadienne a fix\u00e9 comme priorit\u00e9 de \u00ab\u00a0restaurer la stabilit\u00e9 et la croissance\u00a0\u00bb. <\/p>\n<p class=\"lead \">Un immense d\u00e9fi pour les grands argentiers et les banquiers centraux du club des \u00e9conomies avanc\u00e9es alors que la politique du pr\u00e9sident am\u00e9ricain (\u00ab\u00a0America First\u00a0\u00bb, l&rsquo;Am\u00e9rique d&rsquo;abord) remet en question le multilat\u00e9ralisme et menace le monde d&rsquo;un ralentissement \u00e9conomique g\u00e9n\u00e9ral. <\/p>\n<p class=\"lead \">Ces derni\u00e8res semaines, les Etats-Unis ont impos\u00e9 au moins 10% de droits de douane additionnels sur la plupart des produits entrant chez eux.<\/p>\n<p class=\"lead \">Et, bien que cette question des taxes douani\u00e8res ne soit pas au programme des sessions collectives de travail des ministres, elle constitue la toile de fond de toutes les discussions.<\/p>\n<p class=\"lead \">Malgr\u00e9 l&rsquo;enjeu, c&rsquo;est sur un ton jovial que Fran\u00e7ois-Philippe Champagne, le ministre canadien des Finances, a accueilli mercredi les autres membres du G7 &#8211; Etats-Unis, Japon, Allemagne, Royaume-Uni, France et Italie, auxquels s&rsquo;ajoute l&rsquo;Union europ\u00e9enne &#8211; avant de les inviter \u00e0 se mettre \u00ab\u00a0au boulot\u00a0\u00bb.<\/p>\n<p class=\"lead \">Les \u00e9conomies mondiales se trouvent \u00e0 un moment crucial \u00ab\u00a0de l&rsquo;histoire\u00a0\u00bb et le G7 doit prendre ses responsabilit\u00e9s, a-t-il d\u00e9clar\u00e9 \u00e0 l&rsquo;AFP mardi.<\/p>\n<p class=\"lead \">&#8211; Figure conciliante &#8211;<\/p>\n<p class=\"lead \"> Entre les sessions de travail communes, dont une mercredi sur l&rsquo;Ukraine, les ministres se retrouvent pour des entretiens bilat\u00e9raux.<\/p>\n<p class=\"lead \">Et \u00e9videmment au centre du jeu se trouve Scott Bessent.<\/p>\n<p class=\"lead \">Le secr\u00e9taire am\u00e9ricain au Tr\u00e9sor est vu comme l&rsquo;une des figures les plus conciliantes de l&rsquo;administration Trump 2.0, alors que les membres du G7 cherchent depuis des semaines \u00e0 convaincre les Am\u00e9ricains de rabaisser les droits de douane.<\/p>\n<p class=\"lead \">Selon une source europ\u00e9enne qui participe aux discussions, sa pr\u00e9sence est un signe \u00ab\u00a0positif\u00a0\u00bb. \u00ab\u00a0Au moins les Am\u00e9ricains restent engag\u00e9s dans le syst\u00e8me multilat\u00e9ral, ajoute cette m\u00eame source, m\u00eame si on n&rsquo;est clairement pas d&rsquo;accord sur les droits de douane.\u00a0\u00bb<\/p>\n<p class=\"lead \">&#8211; R\u00e9p\u00e9tition &#8211;<\/p>\n<p class=\"lead \">Ce G7 Finances est donc consid\u00e9r\u00e9 comme un test de coh\u00e9sion au moment o\u00f9 les coups de canif de Washington dans la mondialisation perturbent les cha\u00eenes d&rsquo;approvisionnement, risquent de peser sur la croissance et d&rsquo;entra\u00eener de nouvelles hausses de prix.<\/p>\n<p class=\"lead \">Il s&rsquo;agit aussi d&rsquo;une r\u00e9p\u00e9tition \u00e0 moins d&rsquo;un mois du sommet qui r\u00e9unira les dirigeants des pays du G7, \u00e9galement dans les Rocheuses, du 15 au 17 juin. Le Canada recevra Donald Trump pour la premi\u00e8re fois depuis son retour au pouvoir alors qu&rsquo;il ne cesse de r\u00e9p\u00e9ter qu&rsquo;il r\u00eave d&rsquo;annexer son voisin du nord.<\/p>\n<p class=\"lead \">Face aux Etats-Unis, Europ\u00e9ens et Canadiens mettent en avant leur proximit\u00e9. <\/p>\n<p class=\"lead \">\u00ab\u00a0Il y a un alignement presque parfait entre nos visions sur ce qu&rsquo;on doit faire\u00a0\u00bb, a ainsi vant\u00e9 M. Champagne au d\u00e9but de son entretien avec son homologue fran\u00e7ais Eric Lombard.<\/p>\n<p class=\"lead \">\u00ab\u00a0On est optimistes sur ce qu&rsquo;on peut faire ensemble et il y a une qualit\u00e9 de dialogue ce matin que je trouve tr\u00e8s appr\u00e9ciable\u00a0\u00bb, a ajout\u00e9 M. Lombard.<\/p>\n<p class=\"lead \">Mais pour ne pas froisser les Am\u00e9ricains, les membres du G7 sont pr\u00eats \u00e0 renoncer \u00e0 un communiqu\u00e9 final, selon une source au coeur des n\u00e9gociations.<\/p>\n<p class=\"lead \">Cela constituerait s\u00fbrement une d\u00e9ception pour l&rsquo;Ukraine, qui est l&rsquo;invit\u00e9 exceptionnel de cette rencontre, pour envoyer un \u00ab\u00a0message fort au monde\u00a0\u00bb, selon la pr\u00e9sidence canadienne. <\/p>\n<p class=\"lead \">Le ministre ukrainien des Finances Sergii Marchenko est venu plaider pour que des \u00ab\u00a0sanctions plus fortes\u00a0\u00bb soient prises \u00e0 l&rsquo;encontre de la Russie, afin de pousser Moscou \u00e0 faire taire les armes.<\/p>\n<p class=\"small font-weight-bold text-gray3 \"> publi\u00e9 le 21 mai \u00e0 23h36, AFP<\/p>\n<p>                             Partager<\/p>\n","protected":false},"excerpt":{"rendered":"Les ministres des Finances des pays du G7 cherchent mercredi au Canada \u00e0 retisser des liens pour parler&hellip;\n","protected":false},"author":2,"featured_media":118119,"comment_status":"","ping_status":"","sticky":false,"template":"","format":"standard","meta":{"footnotes":""},"categories":[6],"tags":[13790,35,574,215,312,2822,33,34,1011,27,23564,418,220,308],"class_list":{"0":"post-118118","1":"post","2":"type-post","3":"status-publish","4":"format-standard","5":"has-post-thumbnail","7":"category-economie","8":"tag-conomie","9":"tag-business","10":"tag-canada","11":"tag-commerce","12":"tag-diplomatie","13":"tag-douanes","14":"tag-economie","15":"tag-economy","16":"tag-fr","17":"tag-france","18":"tag-g7","19":"tag-gouvernement","20":"tag-ukraine","21":"tag-usa"},"share_on_mastodon":{"url":"https:\/\/pubeurope.com\/@fr\/114548598553739057","error":""},"_links":{"self":[{"href":"https:\/\/www.europesays.com\/fr\/wp-json\/wp\/v2\/posts\/118118","targetHints":{"allow":["GET"]}}],"collection":[{"href":"https:\/\/www.europesays.com\/fr\/wp-json\/wp\/v2\/posts"}],"about":[{"href":"https:\/\/www.europesays.com\/fr\/wp-json\/wp\/v2\/types\/post"}],"author":[{"embeddable":true,"href":"https:\/\/www.europesays.com\/fr\/wp-json\/wp\/v2\/users\/2"}],"replies":[{"embeddable":true,"href":"https:\/\/www.europesays.com\/fr\/wp-json\/wp\/v2\/comments?post=118118"}],"version-history":[{"count":0,"href":"https:\/\/www.europesays.com\/fr\/wp-json\/wp\/v2\/posts\/118118\/revisions"}],"wp:featuredmedia":[{"embeddable":true,"href":"https:\/\/www.europesays.com\/fr\/wp-json\/wp\/v2\/media\/118119"}],"wp:attachment":[{"href":"https:\/\/www.europesays.com\/fr\/wp-json\/wp\/v2\/media?parent=118118"}],"wp:term":[{"taxonomy":"category","embeddable":true,"href":"https:\/\/www.europesays.com\/fr\/wp-json\/wp\/v2\/categories?post=118118"},{"taxonomy":"post_tag","embeddable":true,"href":"https:\/\/www.europesays.com\/fr\/wp-json\/wp\/v2\/tags?post=118118"}],"curies":[{"name":"wp","href":"https:\/\/api.w.org\/{rel}","templated":true}]}}