{"id":118120,"date":"2025-05-22T00:14:12","date_gmt":"2025-05-22T00:14:12","guid":{"rendered":"https:\/\/www.europesays.com\/fr\/118120\/"},"modified":"2025-05-22T00:14:12","modified_gmt":"2025-05-22T00:14:12","slug":"les-etats-unis-acceptent-officiellement-le-boeing-747-offert-par-le-qatar","status":"publish","type":"post","link":"https:\/\/www.europesays.com\/fr\/118120\/","title":{"rendered":"Les \u00c9tats-Unis acceptent officiellement le Boeing 747 offert par le Qatar"},"content":{"rendered":"<p>La famille royale du petit \u00e9mirat gazier a offert un Boeing 747-8, estim\u00e9 \u00e0 400 millions de dollars par des experts et d\u00e9peint par des m\u00e9dias am\u00e9ricains comme un \u00abpalace dans le ciel\u00bb.<\/p>\n<p class=\"fig-paragraph\">L\u2019annonce ne faisait plus de doute. Les \u00c9tats-Unis ont officiellement accept\u00e9 ce mercredi\u00a0<a href=\"http:\/\/www.lefigaro.fr\/international\/le-boeing-offert-a-trump-par-le-qatar-embarrasse-les-republicains-20250515\" target=\"_blank\" data-fig-type=\"Article\" rel=\"noopener nofollow\" data-gtm-custom-categorie=\"navigation\" data-gtm-custom-action=\"crossclick\" data-gtm-custom-label=\"Contextuel\" data-gtm-event=\"customEventSPE\" data-fig-domain=\"LEFIGARO\">un Boeing offert par le Qatar pour \u00eatre utilis\u00e9 comme l\u2019avion pr\u00e9sidentiel<\/a>, l\u2019Air Force One. \u00abLe secr\u00e9taire \u00e0 la D\u00e9fense a accept\u00e9 un Boeing 747-8 du Qatar conform\u00e9ment \u00e0 toutes les r\u00e8gles et r\u00e9glementations f\u00e9d\u00e9rales, a d\u00e9clar\u00e9 Sean Parnell, porte-parole en chef du Pentagone, dans un communiqu\u00e9 relay\u00e9 par le New York Times et ABC News. Le minist\u00e8re de la D\u00e9fense s\u2019efforcera de garantir que des mesures de s\u00e9curit\u00e9 appropri\u00e9es soient prises en compte pour un avion utilis\u00e9 pour transporter le pr\u00e9sident des \u00c9tats-Unis.\u00bb<\/p>\n<p class=\"fig-paragraph\">Ce cadeau de la famille royale de l\u2019\u00c9mirat est estim\u00e9 \u00e0 400 millions de dollars par des experts et d\u00e9peint par des m\u00e9dias am\u00e9ricains comme un \u00abpalace dans le ciel\u00bb. Il pourrait s\u2019agir du bien le plus on\u00e9reux jamais offert au gouvernement des \u00c9tats-Unis. Ce don pose la question de potentiels conflits d\u2019int\u00e9r\u00eats, d\u2019autant que la Constitution am\u00e9ricaine interdit aux d\u00e9positaires de l\u2019autorit\u00e9 publique d\u2019accepter des cadeaux \u00abde la part d\u2019un roi, d\u2019un prince ou d\u2019un \u00c9tat \u00e9tranger\u00bb.<\/p>\n<p class=\"fig-paragraph\">Rappelant cette r\u00e8gle constitutionnelle, des s\u00e9nateurs d\u00e9mocrates &#8211; Cory Booker, Brian Schatz, Chris Coons et Chris Murphy &#8211; ont d\u00e9nonc\u00e9 dans un communiqu\u00e9 conjoint ce cadeau, assurant qu\u2019il \u00abcr\u00e9e un conflit d\u2019int\u00e9r\u00eats \u00e9vident, soul\u00e8ve de graves questions de s\u00e9curit\u00e9 nationale, invite \u00e0 l\u2019influence \u00e9trang\u00e8re et sape la confiance du public dans notre gouvernement\u00bb. Le s\u00e9nateur Chris Murphy a m\u00eame promis de bloquer toute vente d\u2019armes future \u00e0 un \u00abpays qui fait des affaires personnelles directes avec Trump\u00bb.<\/p>\n<p>\u00abIls nous donnent un avion gratuitement\u00bb<\/p>\n<p class=\"fig-paragraph\">Interrog\u00e9 par un journaliste,\u00a0<a href=\"http:\/\/www.lefigaro.fr\/international\/c-est-un-beau-geste-donald-trump-trouve-qu-il-serait-stupide-de-refuser-l-avion-presidentiel-offert-par-le-qatar-20250513\" target=\"_blank\" data-fig-type=\"NewsFlash\" rel=\"noopener nofollow\" data-gtm-custom-categorie=\"navigation\" data-gtm-custom-action=\"crossclick\" data-gtm-custom-label=\"Contextuel\" data-gtm-event=\"customEventSPE\" data-fig-domain=\"LEFIGARO\">Donald Trump avait assur\u00e9 la semaine pass\u00e9e<\/a>\u00a0qu\u2019il n\u2019utiliserait pas l\u2019avion \u00e0 des fins personnelles apr\u00e8s son mandat. \u00abVous devriez avoir honte de poser cette question\u00bb, avait-il r\u00e9pondu \u00e0 un journaliste. \u00abIls nous donnent un avion gratuitement. Je pourrais dire \u201cnon, non, non, ne nous le donnez pas, je veux payer un milliard de dollars ou 400 millions de dollars, ou quoi que ce soit d\u2019autre\u201d. Ou je pourrais dire, \u201cmerci beaucoup\u201d\u00bb, a-t-il continu\u00e9. \u00abC\u2019est un beau geste venant du Qatar. Je suis tr\u00e8s reconnaissant. Je ne suis pas du genre \u00e0 refuser une telle offre. Je pourrais \u00eatre une personne stupide et dire \u201cNon, nous ne voulons pas qu\u2019on nous donne un avion tr\u00e8s cher\u201d\u00bb, avait ajout\u00e9 le pr\u00e9sident am\u00e9ricain, avant de faire \u00e9tape au Qatar la semaine pass\u00e9e\u00a0<a href=\"http:\/\/www.lefigaro.fr\/international\/donald-trump-acheve-sa-tournee-fastueuse-dans-le-golfe-20250516\" target=\"_blank\" data-fig-type=\"NewsFlash\" rel=\"noopener nofollow\" data-gtm-custom-categorie=\"navigation\" data-gtm-custom-action=\"crossclick\" data-gtm-custom-label=\"Contextuel\" data-gtm-event=\"customEventSPE\" data-fig-domain=\"LEFIGARO\">dans le cadre d\u2019une tourn\u00e9e dans le Golfe<\/a>.<\/p>\n<p class=\"fig-paragraph\">Le recours \u00e0 un avion offert par une puissance \u00e9trang\u00e8re suscite par ailleurs de vives inqui\u00e9tudes en termes de s\u00e9curit\u00e9: Air Force One est con\u00e7u pour servir de centre de commandement mobile pour le pr\u00e9sident en cas d\u2019attaque contre les \u00c9tats-Unis. Le pr\u00e9sident am\u00e9ricain a assur\u00e9 qu\u2019\u00e0 la fin de son mandat, il offrirait cet \u00abAir Force One\u00bb \u00e0 sa future biblioth\u00e8que pr\u00e9sidentielle, \u00e0 la mani\u00e8re d\u2019un de ses pr\u00e9d\u00e9cesseurs, Ronald Reagan.<\/p>\n<p>Trump m\u00e9content de Boeing<\/p>\n<p class=\"fig-paragraph\">Le dirigeant r\u00e9publicain souhaitait remplacer les deux avions pr\u00e9sidentiels actuels, des Boeing 747-200B entr\u00e9s en service en 1990 sous George Bush p\u00e8re. Depuis son retour au pouvoir, Donald Trump a pest\u00e9 contre les co\u00fbts de maintenance importants de ces appareils. Plus t\u00f4t cette ann\u00e9e, le pr\u00e9sident am\u00e9ricain a indiqu\u00e9 que \u00abdes alternatives\u00bb \u00e9taient \u00e0 l\u2019\u00e9tude concernant le futur Air Force One, faisant part de son m\u00e9contentement face aux retards pris par l\u2019avionneur Boeing.<\/p>\n<p class=\"fig-paragraph\">Le g\u00e9ant am\u00e9ricain de l\u2019a\u00e9rospatial avait en effet sign\u00e9 en 2018 un contrat de fourniture de deux avions 747-8 avant fin 2024 pour 3,9 milliards de dollars, \u00e9quip\u00e9s pour transporter le pr\u00e9sident am\u00e9ricain. Mais des modifications du projet, notamment r\u00e9clam\u00e9es par Donald Trump lors de son premier mandat, la faillite d\u2019un sous-traitant ainsi que la pand\u00e9mie de Covid-19 et les probl\u00e8mes d\u2019approvisionnement qui ont suivi ont repouss\u00e9 ce calendrier. Le milliardaire poss\u00e8de un avion priv\u00e9 surnomm\u00e9 \u00abTrump Force One\u00bb qu\u2019il a utilis\u00e9 pour sillonner les \u00c9tats-Unis lors de sa campagne pr\u00e9sidentielle.<\/p>\n","protected":false},"excerpt":{"rendered":"La famille royale du petit \u00e9mirat gazier a offert un Boeing 747-8, estim\u00e9 \u00e0 400 millions de dollars&hellip;\n","protected":false},"author":2,"featured_media":118121,"comment_status":"","ping_status":"","sticky":false,"template":"","format":"standard","meta":{"footnotes":""},"categories":[5],"tags":[259,11,260,888,75,73,1011,27,14,261,12,262,1463,28],"class_list":{"0":"post-118120","1":"post","2":"type-post","3":"status-publish","4":"format-standard","5":"has-post-thumbnail","7":"category-international","8":"tag-actualite-internationale","9":"tag-actualites","10":"tag-affaires-etrangeres","11":"tag-boeing","12":"tag-donald-trump","13":"tag-etats-unis","14":"tag-fr","15":"tag-france","16":"tag-international","17":"tag-ministere-des-affaires-etrangeres","18":"tag-news","19":"tag-politique-etrangere","20":"tag-qatar","21":"tag-world"},"share_on_mastodon":{"url":"https:\/\/pubeurope.com\/@fr\/114548602558928694","error":""},"_links":{"self":[{"href":"https:\/\/www.europesays.com\/fr\/wp-json\/wp\/v2\/posts\/118120","targetHints":{"allow":["GET"]}}],"collection":[{"href":"https:\/\/www.europesays.com\/fr\/wp-json\/wp\/v2\/posts"}],"about":[{"href":"https:\/\/www.europesays.com\/fr\/wp-json\/wp\/v2\/types\/post"}],"author":[{"embeddable":true,"href":"https:\/\/www.europesays.com\/fr\/wp-json\/wp\/v2\/users\/2"}],"replies":[{"embeddable":true,"href":"https:\/\/www.europesays.com\/fr\/wp-json\/wp\/v2\/comments?post=118120"}],"version-history":[{"count":0,"href":"https:\/\/www.europesays.com\/fr\/wp-json\/wp\/v2\/posts\/118120\/revisions"}],"wp:featuredmedia":[{"embeddable":true,"href":"https:\/\/www.europesays.com\/fr\/wp-json\/wp\/v2\/media\/118121"}],"wp:attachment":[{"href":"https:\/\/www.europesays.com\/fr\/wp-json\/wp\/v2\/media?parent=118120"}],"wp:term":[{"taxonomy":"category","embeddable":true,"href":"https:\/\/www.europesays.com\/fr\/wp-json\/wp\/v2\/categories?post=118120"},{"taxonomy":"post_tag","embeddable":true,"href":"https:\/\/www.europesays.com\/fr\/wp-json\/wp\/v2\/tags?post=118120"}],"curies":[{"name":"wp","href":"https:\/\/api.w.org\/{rel}","templated":true}]}}