{"id":118122,"date":"2025-05-22T00:15:12","date_gmt":"2025-05-22T00:15:12","guid":{"rendered":"https:\/\/www.europesays.com\/fr\/118122\/"},"modified":"2025-05-22T00:15:12","modified_gmt":"2025-05-22T00:15:12","slug":"a-la-sortie-du-conseil-de-defense-sur-les-freres-musulmans-macron-temporise-et-exige-de-revoir-la-copie","status":"publish","type":"post","link":"https:\/\/www.europesays.com\/fr\/118122\/","title":{"rendered":"\u00c0 la sortie du Conseil de d\u00e9fense sur les Fr\u00e8res musulmans, Macron temporise et exige de revoir la copie"},"content":{"rendered":"<p><strong>R\u00c9CIT &#8211;<\/strong> Alors que le chef de l\u2019\u00c9tat veut arbitrer d\u00e9but juin, Bruno Retailleau esquisse de premi\u00e8res mesures pour contrecarrer la mouvance fr\u00e9riste.<\/p>\n<p class=\"fig-paragraph\">L\u2019\u00c9lys\u00e9e avait annonc\u00e9 qu\u2019une batterie de mesures \u2013 certaines publiques, d\u2019autres classifi\u00e9es \u2013 sortirait du Conseil de d\u00e9fense tenu mercredi apr\u00e8s la remise du\u00a0<a href=\"http:\/\/www.lefigaro.fr\/actualite-france\/reseaux-tentaculaires-organisation-secrete-quartiers-islamises-le-rapport-choc-sur-les-freres-musulmans-qui-veulent-instaurer-la-charia-en-france-20250520\" target=\"_blank\" data-fig-type=\"Article\" rel=\"noopener nofollow\" data-gtm-custom-categorie=\"navigation\" data-gtm-custom-action=\"crossclick\" data-gtm-custom-label=\"Contextuel\" data-gtm-event=\"customEventSPE\" data-fig-domain=\"LEFIGARO\">rapport sur l\u2019entrisme des Fr\u00e8res musulmans<\/a>. Mais, \u00e0 l\u2019issue de cette r\u00e9union autour d\u2019Emmanuel Macron, \u00e0 laquelle participaient notamment Fran\u00e7ois Bayrou et les ministres\u00a0<a href=\"http:\/\/www.lefigaro.fr\/politique\/il-est-plus-ambitieux-qu-il-n-en-a-l-air-nouveau-chef-des-lr-retailleau-met-le-cap-vers-la-presidentielle-de-2027-20250521\" data-fig-type=\"Article\" data-gtm-custom-categorie=\"navigation\" data-gtm-custom-action=\"crossclick\" data-gtm-custom-label=\"Contextuel\" data-gtm-event=\"customEventSPE\" data-fig-domain=\"LEFIGARO\" rel=\"nofollow noopener\" target=\"_blank\">Bruno Retailleau<\/a>\u00a0(Int\u00e9rieur), G\u00e9rald Darmanin (Justice),\u00a0<a href=\"http:\/\/www.lefigaro.fr\/politique\/jean-noel-barrot-un-ministre-propulse-dans-le-fracas-du-monde-20250306\" data-fig-type=\"Article\" data-gtm-custom-categorie=\"navigation\" data-gtm-custom-action=\"crossclick\" data-gtm-custom-label=\"Contextuel\" data-gtm-event=\"customEventSPE\" data-fig-domain=\"LEFIGARO\" rel=\"nofollow noopener\" target=\"_blank\">Jean-No\u00ebl Barrot\u00a0<\/a>(Quai d\u2019Orsay) ou encore\u00a0<a href=\"http:\/\/www.lefigaro.fr\/politique\/vautrin-et-borne-a-rome-avec-bayrou-pour-l-installation-de-leon-xiv-20250516\" data-fig-type=\"Article\" data-gtm-custom-categorie=\"navigation\" data-gtm-custom-action=\"crossclick\" data-gtm-custom-label=\"Contextuel\" data-gtm-event=\"customEventSPE\" data-fig-domain=\"LEFIGARO\" rel=\"nofollow noopener\" target=\"_blank\">\u00c9lisabeth Borne<\/a>\u00a0(\u00c9ducation), le chef de l\u2019\u00c9tat a d\u00e9cid\u00e9 de temporiser.<\/p>\n<p class=\"fig-paragraph\">\u00ab\u00a0Le pr\u00e9sident a examin\u00e9 les propositions des diff\u00e9rents minist\u00e8res, mais compte tenu de l\u2019importance du sujet et de la gravit\u00e9 des faits \u00e9tablis, il leur a demand\u00e9 d\u2019en formuler de nouvelles\u00a0\u00bb, ass\u00e8ne-t-on s\u00e8chement \u00e0 l\u2019\u00c9lys\u00e9e. Tous les participants sont donc pri\u00e9s de revoir leur copie en vue d\u2019un prochain Conseil de d\u00e9fense, annonc\u00e9 pour le \u00ab\u00a0d\u00e9but du mois de juin\u00a0\u00bb. \u00ab\u00a0Ce n\u2019\u00e9tait pas au niveau\u00a0\u00bb, tranche une source au fait des discussions. Une autre fait \u00e9tat de r\u00e9ticences du c\u00f4t\u00e9 du Quai\u2026<\/p>\n<p class=\"fig-premium-paywall__infos\">\n        Cet article est r\u00e9serv\u00e9 aux abonn\u00e9s.        Il vous reste 84% \u00e0 d\u00e9couvrir.\n    <\/p>\n<p>                <img  data- alt=\"Le Figaro\" class=\"fig-img--complete fig-img\"\/><\/p>\n<p class=\"fig-premium-paywall__title\">Vente Flash<\/p>\n<p class=\"fig-premium-paywall__subtitle\">4,99\u20ac par mois pendant 12 mois. Sans engagement.<\/p>\n<p class=\"fig-premium-paywall__connect\">\n                D\u00e9j\u00e0 abonn\u00e9\u00a0?                <a class=\"fig-premium-paywall__connect-link\" href=\"https:\/\/connect.lefigaro.fr\/login?client=horizon_web&amp;type=main&amp;redirect_uri=https%3A%2F%2Fwww.lefigaro.fr%2Factualite-france%2Fa-la-sortie-du-conseil-de-defense-sur-les-freres-musulmans-macron-temporise-et-exige-de-revoir-la-copie-20250521\" data-js-gtm=\"{&quot;customCategorie&quot;: &quot;conversion&quot;, &quot;customAction&quot;: &quot;before_Landing_Connexion_paywall_auto&quot;, &quot;customLabel&quot;: &quot;bGVmaWdhcm8uZnJfXzFmMDM2NGUwLWM4MGEtNjI5Ni04YTlkLWI1Mjk4OGIzYjYxMF9fQXJ0aWNsZQ==_\u00c0 la sortie du Conseil de d\u00e9fense sur les Fr\u00e8res musulmans, Macron temporise et exige de revoir la copie_498&quot;, &quot;customIDSPE&quot;: &quot;bGVmaWdhcm8uZnJfXzFmMDM2NGUwLWM4MGEtNjI5Ni04YTlkLWI1Mjk4OGIzYjYxMF9fQXJ0aWNsZQ==&quot;, &quot;event&quot;: &quot;customEventSPE&quot;}\" rel=\"nofollow noopener\" target=\"_blank\"><br \/>\n                    Connectez-vous<br \/>\n                <\/a>\n            <\/p>\n","protected":false},"excerpt":{"rendered":"R\u00c9CIT &#8211; Alors que le chef de l\u2019\u00c9tat veut arbitrer d\u00e9but juin, Bruno Retailleau esquisse de premi\u00e8res mesures&hellip;\n","protected":false},"author":2,"featured_media":118123,"comment_status":"","ping_status":"","sticky":false,"template":"","format":"standard","meta":{"footnotes":""},"categories":[4],"tags":[47,1058,1054,1059,1060,1055,11,1057,118,1011,27,9305,1061,303,12,1062,25,656,104,1056,809],"class_list":{"0":"post-118122","1":"post","2":"type-post","3":"status-publish","4":"format-standard","5":"has-post-thumbnail","7":"category-france","8":"tag-actualite","9":"tag-actualite-education","10":"tag-actualite-france","11":"tag-actualite-justice","12":"tag-actualite-securite","13":"tag-actualite-societe","14":"tag-actualites","15":"tag-education","16":"tag-faits-divers","17":"tag-fr","18":"tag-france","19":"tag-freres-musulmans","20":"tag-immigration","21":"tag-justice","22":"tag-news","23":"tag-polemique","24":"tag-republique-francaise","25":"tag-securite","26":"tag-societe","27":"tag-societe-francaise","28":"tag-violence"},"share_on_mastodon":{"url":"https:\/\/pubeurope.com\/@fr\/114548606491642853","error":""},"_links":{"self":[{"href":"https:\/\/www.europesays.com\/fr\/wp-json\/wp\/v2\/posts\/118122","targetHints":{"allow":["GET"]}}],"collection":[{"href":"https:\/\/www.europesays.com\/fr\/wp-json\/wp\/v2\/posts"}],"about":[{"href":"https:\/\/www.europesays.com\/fr\/wp-json\/wp\/v2\/types\/post"}],"author":[{"embeddable":true,"href":"https:\/\/www.europesays.com\/fr\/wp-json\/wp\/v2\/users\/2"}],"replies":[{"embeddable":true,"href":"https:\/\/www.europesays.com\/fr\/wp-json\/wp\/v2\/comments?post=118122"}],"version-history":[{"count":0,"href":"https:\/\/www.europesays.com\/fr\/wp-json\/wp\/v2\/posts\/118122\/revisions"}],"wp:featuredmedia":[{"embeddable":true,"href":"https:\/\/www.europesays.com\/fr\/wp-json\/wp\/v2\/media\/118123"}],"wp:attachment":[{"href":"https:\/\/www.europesays.com\/fr\/wp-json\/wp\/v2\/media?parent=118122"}],"wp:term":[{"taxonomy":"category","embeddable":true,"href":"https:\/\/www.europesays.com\/fr\/wp-json\/wp\/v2\/categories?post=118122"},{"taxonomy":"post_tag","embeddable":true,"href":"https:\/\/www.europesays.com\/fr\/wp-json\/wp\/v2\/tags?post=118122"}],"curies":[{"name":"wp","href":"https:\/\/api.w.org\/{rel}","templated":true}]}}