{"id":11813,"date":"2025-04-09T04:46:13","date_gmt":"2025-04-09T04:46:13","guid":{"rendered":"https:\/\/www.europesays.com\/fr\/11813\/"},"modified":"2025-04-09T04:46:13","modified_gmt":"2025-04-09T04:46:13","slug":"ue-etats-unis-bruxelles-confirme-une-riposte-graduee-aux-droits-de-douane-de-trump","status":"publish","type":"post","link":"https:\/\/www.europesays.com\/fr\/11813\/","title":{"rendered":"UE-\u00c9tats-Unis\u00a0: Bruxelles confirme une riposte gradu\u00e9e aux droits de douane de Trump"},"content":{"rendered":"<p><strong>La Commission europ\u00e9enne doit annoncer ce 9 avril sa riposte aux droits de douanes de 25 % impos\u00e9s par Washington sur l\u2019aluminium et l\u2019acier europ\u00e9ens. Un document distribu\u00e9 aux ministres europ\u00e9ens en charge du Commerce ext\u00e9rieur, r\u00e9unis lundi 7 avril \u00e0 Luxembourg, donne de premiers indices qui confirme que une strat\u00e9gie de r\u00e9ponse gradu\u00e9e.\u00a0 \u00a0<\/strong><\/p>\n<p>C\u2019est un inventaire \u00e0 la Pr\u00e9vert. Fil dentaire, diamants, appareils \u00e9lectrom\u00e9nagers, \u0153ufs, bateaux de luxe, tabac, acier, textiles, papier toilette, motos, volailles, saucisses\u2026 Le document ayant circul\u00e9 parmi les ministres europ\u00e9ens du Commerce le 7 avril, et que Reuters a pu consulter, indique nettement que Bruxelles <strong>n\u2019ira pas au clash<\/strong> avec les \u00c9tats-Unis et pr\u00e9f\u00e8re opter pour <strong>une r\u00e9ponse graduelle<\/strong>.<\/p>\n<p>Exit <strong>le bourbon<\/strong> que l\u2019Union europ\u00e9enne (UE) a menac\u00e9 de taxer, provoquant l\u2019ire de l\u2019administration Trump et une menace de voir les vins europ\u00e9ens impos\u00e9s \u00e0 hauteur de 200 %. Il n\u2019est \u00e9galement plus question des <strong>produits laitiers<\/strong>. Les Vingt-Sept devront voter demain la riposte europ\u00e9enne aux droits de douane am\u00e9ricains de <a href=\"https:\/\/www.lemoci.com\/actualites\/actualites\/etats-unis-trump-relance-la-guerre-commerciale-sur-lacier\/\" target=\"_blank\" rel=\"noopener\">25 % sur l\u2019aluminium et l\u2019acier<\/a> sur la base de cette liste.<\/p>\n<p>Lundi 7 avril, la pr\u00e9sidente de la Commission europ\u00e9enne <strong>Ursula von der Leyen<\/strong> a d\u00e9clar\u00e9 avoir propos\u00e9 \u00e0 Donald Trump <strong>un accord tarifaire \u00ab\u00a0z\u00e9ro pour z\u00e9ro\u00a0\u00bb<\/strong> sur une s\u00e9rie de marchandises industrielles incluant les voitures et les produits chimiques. Le pr\u00e9sident am\u00e9ricain n\u2019a pas saisi cette main tendue, r\u00e9torquant que les Europ\u00e9ens pourraient \u00e9viter de payer des droits de douane s\u2019ils s\u2019engageaient \u00e0 acheter plus de <strong>GNL am\u00e9ricain<\/strong>.<\/p>\n<p>Face au bulldozer am\u00e9ricain, Bruxelles a opt\u00e9 pour la n\u00e9gociation. A moins qu\u2019elle ne joue la montre, attendant patiemment que le soufflet trumpien retombe sur lui-m\u00eame.<\/p>\n<p>Sophie Creusillet \u00a0<\/p>\n","protected":false},"excerpt":{"rendered":"La Commission europ\u00e9enne doit annoncer ce 9 avril sa riposte aux droits de douanes de 25 % impos\u00e9s&hellip;\n","protected":false},"author":2,"featured_media":11814,"comment_status":"","ping_status":"","sticky":false,"template":"","format":"standard","meta":{"footnotes":""},"categories":[1586],"tags":[11,2388,73,1777,674,1779,1011,27,1074,12,5544,25,5545,1778,364],"class_list":{"0":"post-11813","1":"post","2":"type-post","3":"status-publish","4":"format-standard","5":"has-post-thumbnail","7":"category-europe","8":"tag-actualites","9":"tag-droits-de-douane","10":"tag-etats-unis","11":"tag-eu","12":"tag-europe","13":"tag-european-union","14":"tag-fr","15":"tag-france","16":"tag-guerre-commerciale","17":"tag-news","18":"tag-protectionnisme","19":"tag-republique-francaise","20":"tag-riposte","21":"tag-ue","22":"tag-union-europeenne"},"share_on_mastodon":{"url":"https:\/\/pubeurope.com\/@fr\/114306192696443649","error":""},"_links":{"self":[{"href":"https:\/\/www.europesays.com\/fr\/wp-json\/wp\/v2\/posts\/11813","targetHints":{"allow":["GET"]}}],"collection":[{"href":"https:\/\/www.europesays.com\/fr\/wp-json\/wp\/v2\/posts"}],"about":[{"href":"https:\/\/www.europesays.com\/fr\/wp-json\/wp\/v2\/types\/post"}],"author":[{"embeddable":true,"href":"https:\/\/www.europesays.com\/fr\/wp-json\/wp\/v2\/users\/2"}],"replies":[{"embeddable":true,"href":"https:\/\/www.europesays.com\/fr\/wp-json\/wp\/v2\/comments?post=11813"}],"version-history":[{"count":0,"href":"https:\/\/www.europesays.com\/fr\/wp-json\/wp\/v2\/posts\/11813\/revisions"}],"wp:featuredmedia":[{"embeddable":true,"href":"https:\/\/www.europesays.com\/fr\/wp-json\/wp\/v2\/media\/11814"}],"wp:attachment":[{"href":"https:\/\/www.europesays.com\/fr\/wp-json\/wp\/v2\/media?parent=11813"}],"wp:term":[{"taxonomy":"category","embeddable":true,"href":"https:\/\/www.europesays.com\/fr\/wp-json\/wp\/v2\/categories?post=11813"},{"taxonomy":"post_tag","embeddable":true,"href":"https:\/\/www.europesays.com\/fr\/wp-json\/wp\/v2\/tags?post=11813"}],"curies":[{"name":"wp","href":"https:\/\/api.w.org\/{rel}","templated":true}]}}