{"id":118132,"date":"2025-05-22T00:20:13","date_gmt":"2025-05-22T00:20:13","guid":{"rendered":"https:\/\/www.europesays.com\/fr\/118132\/"},"modified":"2025-05-22T00:20:13","modified_gmt":"2025-05-22T00:20:13","slug":"lillustrateur-boulet-en-dedicace-a-la-fnac-nancy","status":"publish","type":"post","link":"https:\/\/www.europesays.com\/fr\/118132\/","title":{"rendered":"L&rsquo;illustrateur Boulet en d\u00e9dicace \u00e0 la Fnac Nancy"},"content":{"rendered":"<p>La Fnac Nancy a le plaisir de recevoir l\u2019illustrateur \u00e0 l\u2019occasion d\u2019une s\u00e9ance de d\u00e9dicace de sa toute nouvelle BD : \u00ab Raghnarok Livre III \u2013 In Girum Imus Nocte \u00bb.<\/p>\n<p><strong>Le grand retour d\u2019un\u00a0petit dragon\u00a0pas comme les autres<\/strong><\/p>\n<p>Le monde a chang\u00e9 depuis le cataclysme qui a recouvert la ville de for\u00eats sombres. Un nouveau danger r\u00f4de : un monstre myst\u00e9rieux qui enl\u00e8ve les enfants de toutes les cr\u00e9atures, humaines ou non. Dans la for\u00eat, Raghnarok est bien d\u00e9cid\u00e9 \u00e0 montrer \u00e0 sa m\u00e8re et \u00e0 sa f\u00e9e que, maintenant qu\u2019il sait voler, il est tout \u00e0 fait capable de trouver et vaincre seul cette menace, comme un bon dragon qui se respecte. Loin de l\u00e0, \u00e0 l\u2019orphelinat de la ville humaine, l\u2019une des pensionnaires d\u00e9cide de lib\u00e9rer la terrible Roxane afin de combattre le monstre. Mais alors que celui-ci s\u2019enfuit, la jeune barbare se retrouve confront\u00e9 \u00e0 un tout autre probl\u00e8me\u2026 Apr\u00e8s une longue pause qui a vu son auteur publier les\u00a0Notes\u00a0ou participer \u00e0 l\u2019univers \u00e9tendu\u00a0Donjons\u00a0cr\u00e9\u00e9 par Sfar et Trondheim, Boulet reprend son crayon pour offrir au petit dragon gaffeur une nouvelle et derni\u00e8re aventure plus sombre, mais toujours plac\u00e9e sous les feux crois\u00e9s de l\u2019humour et de l\u2019action.\u00a0<\/p>\n<p><strong>Boulet<\/strong><\/p>\n<p>Gilles Roussel \u00e9tudie le dessin aux Arts D\u00e9coratifs de Strasbourg puis d\u00e9bute dans les pages de \u00ab\u00a0Tch\u00f4!\u00a0\u00bb sous le pseudonyme Boulet. Il y publie plusieurs s\u00e9ries \u00e0 l\u2019humour original, Raghnarok lanc\u00e9 en 2000, MIYA, La Rubrique scientifique, mais aussi les Womoks camp\u00e9s par Reno dont il est le sc\u00e9nariste. Animateur de jeux et de rubriques diverses, Boulet est un auteur incontournable du journal de Titeuf. En 2006, il dessine un \u00e9pisode de Donjon \u00e9crit par Sfar et Trondheim aux \u00e9ditions Delcourt.\u00a0Il publie \u00e9galement la s\u00e9rie Notes.<\/p>\n<p style=\"text-align: center;\">*\u00c9v\u00e9nement gratuit, acc\u00e8s dans la limite des places disponibles<\/p>\n<p>        <img decoding=\"async\" src=\"https:\/\/www.europesays.com\/fr\/wp-content\/uploads\/2025\/04\/logo-rse.png\" alt=\"Logo RSE\" loading=\"lazy\" width=\"84\" height=\"116\"\/><\/p>\n<p>\n        La Fnac s\u2019engage activement dans les initiatives de responsabilit\u00e9 soci\u00e9tale des entreprises (RSE).\n    <\/p>\n<p>\n        Aidez-nous en choisissant la mobilit\u00e9 douce en privil\u00e9giant par exemple le v\u00e9lo (pistes cyclables et stationnements \u00e0 disposition), les transports en commun ou le covoiturage pour nous rejoindre. Ainsi, vous contribuez \u00e0 r\u00e9duire les \u00e9missions de gaz \u00e0 effet de serre et \u00e0 am\u00e9liorer notre qualit\u00e9 de l\u2019air. Pour plus d\u2019information, consultez la fiche du magasin.<br \/>Tous nos \u00e9v\u00e8nements sont en acc\u00e8s gratuit, dans la limite des places disponibles.\n    <\/p>\n","protected":false},"excerpt":{"rendered":"La Fnac Nancy a le plaisir de recevoir l\u2019illustrateur \u00e0 l\u2019occasion d\u2019une s\u00e9ance de d\u00e9dicace de sa toute&hellip;\n","protected":false},"author":2,"featured_media":118133,"comment_status":"","ping_status":"","sticky":false,"template":"","format":"standard","meta":{"footnotes":""},"categories":[9635],"tags":[1111,11,13153,23886,23887,1777,674,9391,1011,27,775,1702,12,23888,25],"class_list":{"0":"post-118132","1":"post","2":"type-post","3":"status-publish","4":"format-standard","5":"has-post-thumbnail","7":"category-nancy","8":"tag-actu","9":"tag-actualites","10":"tag-bande-dessinee","11":"tag-bd-jeunesse","12":"tag-boulet","13":"tag-eu","14":"tag-europe","15":"tag-evenement-fnac-gratuit","16":"tag-fr","17":"tag-france","18":"tag-grand-est","19":"tag-nancy","20":"tag-news","21":"tag-raghnarok","22":"tag-republique-francaise"},"share_on_mastodon":{"url":"https:\/\/pubeurope.com\/@fr\/114548626186173586","error":""},"_links":{"self":[{"href":"https:\/\/www.europesays.com\/fr\/wp-json\/wp\/v2\/posts\/118132","targetHints":{"allow":["GET"]}}],"collection":[{"href":"https:\/\/www.europesays.com\/fr\/wp-json\/wp\/v2\/posts"}],"about":[{"href":"https:\/\/www.europesays.com\/fr\/wp-json\/wp\/v2\/types\/post"}],"author":[{"embeddable":true,"href":"https:\/\/www.europesays.com\/fr\/wp-json\/wp\/v2\/users\/2"}],"replies":[{"embeddable":true,"href":"https:\/\/www.europesays.com\/fr\/wp-json\/wp\/v2\/comments?post=118132"}],"version-history":[{"count":0,"href":"https:\/\/www.europesays.com\/fr\/wp-json\/wp\/v2\/posts\/118132\/revisions"}],"wp:featuredmedia":[{"embeddable":true,"href":"https:\/\/www.europesays.com\/fr\/wp-json\/wp\/v2\/media\/118133"}],"wp:attachment":[{"href":"https:\/\/www.europesays.com\/fr\/wp-json\/wp\/v2\/media?parent=118132"}],"wp:term":[{"taxonomy":"category","embeddable":true,"href":"https:\/\/www.europesays.com\/fr\/wp-json\/wp\/v2\/categories?post=118132"},{"taxonomy":"post_tag","embeddable":true,"href":"https:\/\/www.europesays.com\/fr\/wp-json\/wp\/v2\/tags?post=118132"}],"curies":[{"name":"wp","href":"https:\/\/api.w.org\/{rel}","templated":true}]}}