{"id":118138,"date":"2025-05-22T00:23:15","date_gmt":"2025-05-22T00:23:15","guid":{"rendered":"https:\/\/www.europesays.com\/fr\/118138\/"},"modified":"2025-05-22T00:23:15","modified_gmt":"2025-05-22T00:23:15","slug":"ou-sont-organises-les-ramassages-de-megots-a-montpellier-et-alentour","status":"publish","type":"post","link":"https:\/\/www.europesays.com\/fr\/118138\/","title":{"rendered":"o\u00f9 sont organis\u00e9s les ramassages de m\u00e9gots \u00e0 Montpellier et alentour\u00a0?"},"content":{"rendered":"<p>            Par<br \/>\n        <strong><br \/>\n            <a href=\"https:\/\/actu.fr\/auteur\/metropoop\" title=\"Consulter tous les articles de R\u00e9daction M\u00e9tropolitain\" target=\"_blank\" rel=\"noopener\">R\u00e9daction M\u00e9tropolitain<\/a><br \/>\n        <\/strong><\/p>\n<p>        Publi\u00e9 le<\/p>\n<p>            21 mai 2025 \u00e0 9h32        <\/p>\n<p>Le <strong>M\u00e9gothon<\/strong> est de retour en 2025 : un \u00e9v\u00e9nement national de ramassage de m\u00e9gots va se d\u00e9rouler de ce mercredi 21 au mardi 27 mai avec une journ\u00e9e phare samedi 24 mai, \u00e0 Montpellier et dans des communes alentour.<\/p>\n<p class=\" wall-content\">\u00c0 Montpellier, l\u2019<strong>association C.L.O.P.E.<\/strong> organise des actions jeudi 22 mai avec un amassage \u00e0 la plage du Petit Travers, \u00e0<strong> Carnon<\/strong>, \u00e0 10h avec les \u00e9tudiants de l\u2019\u00e9cole Rocket School.<\/p>\n<p class=\" wall-content\">Samedi 24 mai, rendez-vous \u00e0 14h \u00e0 la promenade des Jardins du Peyrou, \u00e0 <strong>Montpellier<\/strong>, o\u00f9 le M\u00e9gothon fermera la marche de la manifestation organis\u00e9e par Action Justice Climat et la Coord\u2019Eau\u00a034, contre l\u2019accaparement des ressources en eau.<\/p>\n<p class=\" wall-content\">Dimanche 25 mai, C.L.O.P.E. s\u2019associe au 2030 Festival pour le <strong>premier Micro-festival 2030<\/strong> de l\u2019ann\u00e9e, avec des animations de 14h \u00e0 16h, M\u00e9gothon de 16h \u00e0 18h, puis pa\u00eblla (veggie) partag\u00e9e \u00e0 partir de 19h, et ce \u00e0 la Maison pour tous Georges Brassens, \u00e0 Montpellier.<\/p>\n<p class=\" wall-content\">Lundi 26 mai : ramassage avec les \u00e9tudiant\u00b7e\u00b7s du Cours Diderot, de 17h \u00e0 19h, au d\u00e9part du parking du March\u00e9 du Lez, <strong>route de la Mer,<\/strong> \u00e0 Montpellier.<\/p>\n<p>Vid\u00e9os : en ce moment sur Actu<\/p>\n<p class=\" wall-content\">Mardi 27 mai : ramassage avec l\u2019association Wake Up Caf\u00e9, au d\u00e9part de la <strong>promenade du Peyrou,<\/strong> de 14h \u00e0 16h.\u00a0<\/p>\n<p class=\" wall-content\">D\u2019autres associations locales participent \u00e9galement au M\u00e9gothon : le\u00a0Lions Club Palavas, avec un ramassage le samedi 24 mai de 9h \u00e0 12h \u00e0 <strong>Palavas-les-Flots<\/strong>, avenue Saint-Maurice.<br \/>Et enfin, l\u2019association Vertueux organise un ramassage, samedi 24 mai de 15h \u00e0 16h \u00e0 <strong>Jacou<\/strong>, depuis la place des \u00c9coles. Au total, sept op\u00e9rations \u00a0solidaires pour sauver la plan\u00e8te. Alors ne m\u00e9gotons pas !<\/p>\n<p class=\" wall-content\">Suivez toute l\u2019actualit\u00e9 de vos villes et m\u00e9dias favoris en vous inscrivant \u00e0 <a href=\"https:\/\/moncompte.actu.fr\" title=\"D\u00e9couvez Mon Actu\" rel=\"nofollow noopener\" data-trk=\"{&quot;cta&quot;:{&quot;action&quot;:&quot;https:\\\/\\\/moncompte.actu.fr&quot;,&quot;category&quot;:&quot;mon compte&quot;,&quot;from&quot;:&quot;article footer&quot;,&quot;name&quot;:&quot;Mon actu&quot;,&quot;type&quot;:&quot;cta&quot;}}\" target=\"_blank\">Mon Actu<\/a>.<\/p>\n","protected":false},"excerpt":{"rendered":"Par R\u00e9daction M\u00e9tropolitain Publi\u00e9 le 21 mai 2025 \u00e0 9h32 Le M\u00e9gothon est de retour en 2025 :&hellip;\n","protected":false},"author":2,"featured_media":118139,"comment_status":"","ping_status":"","sticky":false,"template":"","format":"standard","meta":{"footnotes":""},"categories":[9599],"tags":[1111,11,1777,674,1011,27,2208,12,2680,52,1800,25],"class_list":{"0":"post-118138","1":"post","2":"type-post","3":"status-publish","4":"format-standard","5":"has-post-thumbnail","7":"category-montpellier","8":"tag-actu","9":"tag-actualites","10":"tag-eu","11":"tag-europe","12":"tag-fr","13":"tag-france","14":"tag-montpellier","15":"tag-news","16":"tag-occitanie","17":"tag-planete","18":"tag-pollution","19":"tag-republique-francaise"},"share_on_mastodon":{"url":"https:\/\/pubeurope.com\/@fr\/114548637911472571","error":""},"_links":{"self":[{"href":"https:\/\/www.europesays.com\/fr\/wp-json\/wp\/v2\/posts\/118138","targetHints":{"allow":["GET"]}}],"collection":[{"href":"https:\/\/www.europesays.com\/fr\/wp-json\/wp\/v2\/posts"}],"about":[{"href":"https:\/\/www.europesays.com\/fr\/wp-json\/wp\/v2\/types\/post"}],"author":[{"embeddable":true,"href":"https:\/\/www.europesays.com\/fr\/wp-json\/wp\/v2\/users\/2"}],"replies":[{"embeddable":true,"href":"https:\/\/www.europesays.com\/fr\/wp-json\/wp\/v2\/comments?post=118138"}],"version-history":[{"count":0,"href":"https:\/\/www.europesays.com\/fr\/wp-json\/wp\/v2\/posts\/118138\/revisions"}],"wp:featuredmedia":[{"embeddable":true,"href":"https:\/\/www.europesays.com\/fr\/wp-json\/wp\/v2\/media\/118139"}],"wp:attachment":[{"href":"https:\/\/www.europesays.com\/fr\/wp-json\/wp\/v2\/media?parent=118138"}],"wp:term":[{"taxonomy":"category","embeddable":true,"href":"https:\/\/www.europesays.com\/fr\/wp-json\/wp\/v2\/categories?post=118138"},{"taxonomy":"post_tag","embeddable":true,"href":"https:\/\/www.europesays.com\/fr\/wp-json\/wp\/v2\/tags?post=118138"}],"curies":[{"name":"wp","href":"https:\/\/api.w.org\/{rel}","templated":true}]}}