{"id":118146,"date":"2025-05-22T00:30:59","date_gmt":"2025-05-22T00:30:59","guid":{"rendered":"https:\/\/www.europesays.com\/fr\/118146\/"},"modified":"2025-05-22T00:30:59","modified_gmt":"2025-05-22T00:30:59","slug":"le-client-exige-une-finition-sexuelle-la-masseuse-sort-un-couteau-et-le-blesse-2","status":"publish","type":"post","link":"https:\/\/www.europesays.com\/fr\/118146\/","title":{"rendered":"Le client exige une \u00ab\u00a0finition\u00a0\u00bb sexuelle, la masseuse sort un couteau et le blesse"},"content":{"rendered":"<p>A Rennes comme ailleurs, certains salons de massage asiatiques <a href=\"https:\/\/www.20minutes.fr\/justice\/4117580-20241024-rennes-gerante-salon-massage-condamnee-finitions-caractere-sexuel\" class=\"color-ultramarine c-link\" rel=\"nofollow noopener\" target=\"_blank\">cachent souvent des lieux de prostitution<\/a>, suspect\u00e9s de fournir des prestations sexuelles. Lundi soir, un client esp\u00e9rait ainsi obtenir \u00ab\u00a0une finition\u00a0\u00bb dans un salon de la capitale bretonne. Face au refus de la masseuse, une altercation a alors \u00e9clat\u00e9, <a href=\"https:\/\/www.rennes-infos-autrement.fr\/salon-de-massage-asiatique-une-masseuse-blesse-un-client-au-couteau\/\" rel=\"nofollow noopener\" target=\"_blank\" class=\"color-ultramarine c-link\">comme le rapporte le site Rennes Info Autrement<\/a>.<\/p>\n<p>Ag\u00e9e de 60 ans, l\u2019employ\u00e9e du salon aurait sorti un couteau avant de porter un coup \u00e0 la main du client. Ce dernier a \u00e9t\u00e9 pris en charge par les secours mais sans \u00eatre hospitalis\u00e9. Interpell\u00e9e par les policiers apr\u00e8s cette violente dispute, la masseuse a \u00e9t\u00e9 rel\u00e2ch\u00e9e \u00e0 l\u2019issue de sa garde \u00e0 vue, <a href=\"https:\/\/www.letelegramme.fr\/bretagne\/il-senerve-pour-obtenir-une-finition-dans-un-salon-de-massage-la-masseuse-se-defend-en-sortant-un-couteau-6821392.php\" rel=\"nofollow noopener\" target=\"_blank\" class=\"color-ultramarine c-link\">pr\u00e9cise Le T\u00e9l\u00e9gramme<\/a>.<\/p>\n","protected":false},"excerpt":{"rendered":"A Rennes comme ailleurs, certains salons de massage asiatiques cachent souvent des lieux de prostitution, suspect\u00e9s de fournir&hellip;\n","protected":false},"author":2,"featured_media":118147,"comment_status":"","ping_status":"","sticky":false,"template":"","format":"standard","meta":{"footnotes":""},"categories":[2821],"tags":[1111,47,11,829,7623,1777,674,118,7641,1011,27,848,23889,12,2899,584,25,6290,15436],"class_list":{"0":"post-118146","1":"post","2":"type-post","3":"status-publish","4":"format-standard","5":"has-post-thumbnail","7":"category-rennes","8":"tag-actu","9":"tag-actualite","10":"tag-actualites","11":"tag-bretagne","12":"tag-coup-de-couteau","13":"tag-eu","14":"tag-europe","15":"tag-faits-divers","16":"tag-faits-divers-rennes","17":"tag-fr","18":"tag-france","19":"tag-ille-et-vilaine","20":"tag-massage","21":"tag-news","22":"tag-prostitution","23":"tag-rennes","24":"tag-republique-francaise","25":"tag-salon","26":"tag-sexe"},"share_on_mastodon":{"url":"https:\/\/pubeurope.com\/@fr\/114548669443384550","error":""},"_links":{"self":[{"href":"https:\/\/www.europesays.com\/fr\/wp-json\/wp\/v2\/posts\/118146","targetHints":{"allow":["GET"]}}],"collection":[{"href":"https:\/\/www.europesays.com\/fr\/wp-json\/wp\/v2\/posts"}],"about":[{"href":"https:\/\/www.europesays.com\/fr\/wp-json\/wp\/v2\/types\/post"}],"author":[{"embeddable":true,"href":"https:\/\/www.europesays.com\/fr\/wp-json\/wp\/v2\/users\/2"}],"replies":[{"embeddable":true,"href":"https:\/\/www.europesays.com\/fr\/wp-json\/wp\/v2\/comments?post=118146"}],"version-history":[{"count":0,"href":"https:\/\/www.europesays.com\/fr\/wp-json\/wp\/v2\/posts\/118146\/revisions"}],"wp:featuredmedia":[{"embeddable":true,"href":"https:\/\/www.europesays.com\/fr\/wp-json\/wp\/v2\/media\/118147"}],"wp:attachment":[{"href":"https:\/\/www.europesays.com\/fr\/wp-json\/wp\/v2\/media?parent=118146"}],"wp:term":[{"taxonomy":"category","embeddable":true,"href":"https:\/\/www.europesays.com\/fr\/wp-json\/wp\/v2\/categories?post=118146"},{"taxonomy":"post_tag","embeddable":true,"href":"https:\/\/www.europesays.com\/fr\/wp-json\/wp\/v2\/tags?post=118146"}],"curies":[{"name":"wp","href":"https:\/\/api.w.org\/{rel}","templated":true}]}}