{"id":118148,"date":"2025-05-22T00:32:11","date_gmt":"2025-05-22T00:32:11","guid":{"rendered":"https:\/\/www.europesays.com\/fr\/118148\/"},"modified":"2025-05-22T00:32:11","modified_gmt":"2025-05-22T00:32:11","slug":"un-pilotage-inedit-pour-reanimer-le-csc-de-lelsau-2","status":"publish","type":"post","link":"https:\/\/www.europesays.com\/fr\/118148\/","title":{"rendered":"un pilotage in\u00e9dit pour r\u00e9animer le CSC de l\u2019Elsau"},"content":{"rendered":"<p>Le centre socioculturel de l\u2019Elsau, en pleine reconstruction <a href=\"https:\/\/www.dna.fr\/faits-divers-justice\/2025\/03\/11\/la-justice-prononce-la-liquidation-du-csc-de-l-elsau\" target=\"_blank\" rel=\"nofollow noopener\">depuis sa liquidation judiciaire en mars<\/a> , sera g\u00e9r\u00e9 d\u00e8s que possible par trois salari\u00e9s en contrat de projet (en cours de recrutement par la Ville) pour piloter un ensemble d\u2019associations et de structures qui assureront les activit\u00e9s : un coordinateur global, un charg\u00e9 d\u2019accueil et un r\u00e9f\u00e9rent famille. \u00ab L\u2019id\u00e9e, c\u2019est que ce pilotage permette de passer le relais \u00e0 une association porteuse qui b\u00e9n\u00e9ficierait d\u2019un nouvel agr\u00e9ment dans les trois ans \u00bb, d\u00e9crit H\u00fclliya Turan, \u00e9lue r\u00e9f\u00e9rente du quartier de l\u2019Elsau.<\/p>\n<p>  Une enveloppe de 130 000 euros<\/p>\n<p>130 000 \u20ac de subventions ont ainsi \u00e9t\u00e9 vot\u00e9es lundi 19 mai au conseil municipal pour permettre \u00e0 la Ligue de l\u2019enseignement du Bas-Rhin la cr\u00e9ation d\u2019un p\u00f4le d\u2019accueil de l\u2019enfance avec des activit\u00e9s p\u00e9riscolaires et extrascolaires d\u00e8s juillet. Le dispositif d\u2019accompagnement collectif et individuel de proximit\u00e9 (Dacip, associatif) assurera un accompagnement vers l\u2019emploi, l\u2019\u00e9cole de musique est port\u00e9e par le CSC de la Montagne Verte. Pour les seniors, c\u2019est la direction des sports de la Ville qui proposera des activit\u00e9s. \u00ab Le lieu d\u2019accueil parent-enfant est port\u00e9 par une nouvelle association qui s\u2019appelle Rebondir, constitu\u00e9e d\u2019anciennes salari\u00e9es, avec le soutien de la Ville \u00bb, poursuit Guillaume Libsig.<\/p>\n<p>En attendant, la mairie attend du feu vert du liquidateur pour r\u00e9cup\u00e9rer les locaux ferm\u00e9s depuis deux mois.<\/p>\n","protected":false},"excerpt":{"rendered":"Le centre socioculturel de l\u2019Elsau, en pleine reconstruction depuis sa liquidation judiciaire en mars , sera g\u00e9r\u00e9 d\u00e8s&hellip;\n","protected":false},"author":2,"featured_media":117906,"comment_status":"","ping_status":"","sticky":false,"template":"","format":"standard","meta":{"footnotes":""},"categories":[2820],"tags":[1111,11,2389,2649,1984,2880,1777,674,107,1011,27,775,12,316,25,104,640,2879,1631],"class_list":{"0":"post-118148","1":"post","2":"type-post","3":"status-publish","4":"format-standard","5":"has-post-thumbnail","7":"category-strasbourg","8":"tag-actu","9":"tag-actualites","10":"tag-alsace","11":"tag-bas-rhin","12":"tag-conseil-municipal","13":"tag-edition-strasbourg","14":"tag-eu","15":"tag-europe","16":"tag-fil-info","17":"tag-fr","18":"tag-france","19":"tag-grand-est","20":"tag-news","21":"tag-politique","22":"tag-republique-francaise","23":"tag-societe","24":"tag-strasbourg","25":"tag-strasbourg-ville","26":"tag-vie-associative"},"share_on_mastodon":{"url":"https:\/\/pubeurope.com\/@fr\/114548673285866220","error":""},"_links":{"self":[{"href":"https:\/\/www.europesays.com\/fr\/wp-json\/wp\/v2\/posts\/118148","targetHints":{"allow":["GET"]}}],"collection":[{"href":"https:\/\/www.europesays.com\/fr\/wp-json\/wp\/v2\/posts"}],"about":[{"href":"https:\/\/www.europesays.com\/fr\/wp-json\/wp\/v2\/types\/post"}],"author":[{"embeddable":true,"href":"https:\/\/www.europesays.com\/fr\/wp-json\/wp\/v2\/users\/2"}],"replies":[{"embeddable":true,"href":"https:\/\/www.europesays.com\/fr\/wp-json\/wp\/v2\/comments?post=118148"}],"version-history":[{"count":0,"href":"https:\/\/www.europesays.com\/fr\/wp-json\/wp\/v2\/posts\/118148\/revisions"}],"wp:featuredmedia":[{"embeddable":true,"href":"https:\/\/www.europesays.com\/fr\/wp-json\/wp\/v2\/media\/117906"}],"wp:attachment":[{"href":"https:\/\/www.europesays.com\/fr\/wp-json\/wp\/v2\/media?parent=118148"}],"wp:term":[{"taxonomy":"category","embeddable":true,"href":"https:\/\/www.europesays.com\/fr\/wp-json\/wp\/v2\/categories?post=118148"},{"taxonomy":"post_tag","embeddable":true,"href":"https:\/\/www.europesays.com\/fr\/wp-json\/wp\/v2\/tags?post=118148"}],"curies":[{"name":"wp","href":"https:\/\/api.w.org\/{rel}","templated":true}]}}