{"id":118149,"date":"2025-05-22T00:33:09","date_gmt":"2025-05-22T00:33:09","guid":{"rendered":"https:\/\/www.europesays.com\/fr\/118149\/"},"modified":"2025-05-22T00:33:09","modified_gmt":"2025-05-22T00:33:09","slug":"un-enorme-festival-dedie-a-la-street-food-va-regaler-a-strasbourg-ce-week-end","status":"publish","type":"post","link":"https:\/\/www.europesays.com\/fr\/118149\/","title":{"rendered":"Un \u00e9norme festival d\u00e9di\u00e9 \u00e0 la street-food va r\u00e9galer \u00e0 Strasbourg ce week-end"},"content":{"rendered":"<p>Dimanche 25 mai, direction la place de Zurich, rebaptis\u00e9e pour l\u2019occasion quartier g\u00e9n\u00e9ral des papilles. <b>Une douzaine de stands, une ambiance d\u00e9tendue et des parfums qui titillent les narines, c&rsquo;est<\/b> tout le charme du Street Bouche Corner. L\u2019\u00e9v\u00e9nement a une devise simple\u00a0: <b>que du bon, que du fait maison, que du local et de saison.<\/b> Tu vas pouvoir voyager entre les continents sans quitter ton tabouret.<\/p>\n<p>&#13;<\/p>\n<blockquote class=\"instagram-media\" data-instgrm-permalink=\"https:\/\/www.instagram.com\/p\/DJ6KzXftZJX\/?utm_source=ig_embed&amp;utm_campaign=loading\" data-instgrm-version=\"14\" style=\"background: #FFF; border: 0; border-radius: 3px; box-shadow: 0 0 1px 0 rgba(0,0,0,0.5),0 1px 10px 0 rgba(0,0,0,0.15); margin: 1px; max-width: 540px; min-width: 326px; padding: 0; width: calc(100% - 2px);\"><p>&#13;<br \/>\n&#13;\n<\/p><\/blockquote>\n<p>&#13;<br \/>\n&#13;<\/p>\n<p>La promesse est simple\u00a0: te faire voyager \u00e0 petits prix et surtout, sans quitter la ville. Tu pourras donc d\u00e9guster toute sorte de street food\u00a0: <b>bo buns, arepas, \u00e9clairs sal\u00e9s et sucr\u00e9s, cookies glaces, hot dogs alsaciens, plats africains, mexicains, ha\u00eftiens\u2026<\/b> Ah oui et petite pr\u00e9cision qui fait plaisir\u00a0: plusieurs options sont disponibles pour satisfaire le plus grand nombre (halal, v\u00e9g\u00e9, sans gluten\u2026).<\/p>\n<p>&#13;<br \/>\nDes grandes tabl\u00e9es pour un dimanche m\u00e9morable&#13;<\/p>\n<p>Ce qu\u2019on aime ici, au-del\u00e0 des assiettes, c\u2019est l\u2019ambiance. Tu viens seul ou \u00e0 plusieurs, tu te poses sur une grande tabl\u00e9e, tu discutes avec ton voisin de nappe. C\u2019est un \u00e9v\u00e9nement pour savourer, papoter et rigoler entre deux bouch\u00e9es\u00a0!<\/p>\n<p>&#13;<\/p>\n<blockquote class=\"instagram-media\" data-instgrm-permalink=\"https:\/\/www.instagram.com\/p\/DI_UhHXN0Mc\/?utm_source=ig_embed&amp;utm_campaign=loading\" data-instgrm-version=\"14\" style=\"background: #FFF; border: 0; border-radius: 3px; box-shadow: 0 0 1px 0 rgba(0,0,0,0.5),0 1px 10px 0 rgba(0,0,0,0.15); margin: 1px; max-width: 540px; min-width: 326px; padding: 0; width: calc(100% - 2px);\"><p>&#13;<br \/>\n&#13;\n<\/p><\/blockquote>\n<p>&#13;<br \/>\n&#13;<\/p>\n<p><b>Street Bouche Festival<br \/><\/b><b>Place de Zurich &#8211; Strasbourg<br \/><\/b><b>Dimanche 25 mai 2025, de 11h \u00e0 20h<br \/><\/b><b>Tarif\u00a0: entr\u00e9e libre<br \/><\/b><a href=\"https:\/\/streetbouche.com\/\" rel=\"nofollow noopener\" target=\"_blank\"><b>Plus d\u2019infos<\/b><\/a><\/p>\n<p><script async src=\"\/\/www.instagram.com\/embed.js\"><\/script><\/p>\n","protected":false},"excerpt":{"rendered":"Dimanche 25 mai, direction la place de Zurich, rebaptis\u00e9e pour l\u2019occasion quartier g\u00e9n\u00e9ral des papilles. Une douzaine de&hellip;\n","protected":false},"author":2,"featured_media":118150,"comment_status":"","ping_status":"","sticky":false,"template":"","format":"standard","meta":{"footnotes":""},"categories":[2820],"tags":[1111,11,1777,674,1011,27,775,12,25,640],"class_list":{"0":"post-118149","1":"post","2":"type-post","3":"status-publish","4":"format-standard","5":"has-post-thumbnail","7":"category-strasbourg","8":"tag-actu","9":"tag-actualites","10":"tag-eu","11":"tag-europe","12":"tag-fr","13":"tag-france","14":"tag-grand-est","15":"tag-news","16":"tag-republique-francaise","17":"tag-strasbourg"},"share_on_mastodon":{"url":"https:\/\/pubeurope.com\/@fr\/114548677209056588","error":""},"_links":{"self":[{"href":"https:\/\/www.europesays.com\/fr\/wp-json\/wp\/v2\/posts\/118149","targetHints":{"allow":["GET"]}}],"collection":[{"href":"https:\/\/www.europesays.com\/fr\/wp-json\/wp\/v2\/posts"}],"about":[{"href":"https:\/\/www.europesays.com\/fr\/wp-json\/wp\/v2\/types\/post"}],"author":[{"embeddable":true,"href":"https:\/\/www.europesays.com\/fr\/wp-json\/wp\/v2\/users\/2"}],"replies":[{"embeddable":true,"href":"https:\/\/www.europesays.com\/fr\/wp-json\/wp\/v2\/comments?post=118149"}],"version-history":[{"count":0,"href":"https:\/\/www.europesays.com\/fr\/wp-json\/wp\/v2\/posts\/118149\/revisions"}],"wp:featuredmedia":[{"embeddable":true,"href":"https:\/\/www.europesays.com\/fr\/wp-json\/wp\/v2\/media\/118150"}],"wp:attachment":[{"href":"https:\/\/www.europesays.com\/fr\/wp-json\/wp\/v2\/media?parent=118149"}],"wp:term":[{"taxonomy":"category","embeddable":true,"href":"https:\/\/www.europesays.com\/fr\/wp-json\/wp\/v2\/categories?post=118149"},{"taxonomy":"post_tag","embeddable":true,"href":"https:\/\/www.europesays.com\/fr\/wp-json\/wp\/v2\/tags?post=118149"}],"curies":[{"name":"wp","href":"https:\/\/api.w.org\/{rel}","templated":true}]}}