{"id":118153,"date":"2025-05-22T00:35:08","date_gmt":"2025-05-22T00:35:08","guid":{"rendered":"https:\/\/www.europesays.com\/fr\/118153\/"},"modified":"2025-05-22T00:35:08","modified_gmt":"2025-05-22T00:35:08","slug":"78e-festival-de-cannes-nabilla-a-retrouve-ses-bagages-et-porte-une-robe-tres-suggestive-lors-de-la-montee-des-marches-de-the-history-of-sound-ce-mercredi","status":"publish","type":"post","link":"https:\/\/www.europesays.com\/fr\/118153\/","title":{"rendered":"78e Festival de Cannes: Nabilla a retrouv\u00e9 ses bagages&#8230; et port\u00e9 une robe tr\u00e8s suggestive lors de la mont\u00e9e des marches de \u00ab\u00a0The History of Sound\u00a0\u00bb ce mercredi"},"content":{"rendered":"<p>Elle a retrouv\u00e9 sa valise&#8230; <strong>et mont\u00e9 les marches du 78e Festival de Cannes! <\/strong><\/p>\n<p>Habitu\u00e9e de la quinzaine, l&rsquo;influenceuse et ex-starlette de t\u00e9l\u00e9r\u00e9alit\u00e9<strong>\u00a0Nabilla (Benattia) Vergara, <\/strong>qui avait v\u00e9cu une m\u00e9saventure <a href=\"https:\/\/www.nicematin.com\/festival-de-cannes\/78e-festival-de-cannes-arrivee-compliquee-pour-nabilla-a-l-aeroport-de-nice-elle-perd-son-bagage-avec-sa-robe-pour-la-montee-des-marches-986637\" target=\"_blank\" rel=\"noopener\">en perdant mardi ses bagages en arrivant \u00e0 l&rsquo;a\u00e9roport de Nice<\/a>, \u00e9tait ce mercredi 21 mai sur le tapis rouge pour la mont\u00e9e des marches du film\u00a0The History of Sound.<\/p>\n<p>Dans un moment d&rsquo;improvisation heureuse, elle et son coiffeur, Paul Duchemin (qui lui a fait une mini-retouche sur le tapis), <strong>se sont m\u00eame mis \u00e0 danser et \u00e0 mettre l&rsquo;ambiance sur le tapis.<\/strong><\/p>\n<p>Sa robe, tr\u00e8s suggestive, <strong>a fait tourner les t\u00eates sur la Croisette.<\/strong><\/p>\n<p>              <img ci-src=\"https:\/\/www.nicematin.com\/festival-de-cannes\/maxnewsspecialtwo224363-L01sOivA.jpg?vh=46e160&amp;ci_seal=acb91db0fb\" alt=\"\"\/><br \/>\n        Nabilla (Benattia) Vergara sur le tapis rouge de Cannes. <strong>Photo S\u00e9bastien Botella.<\/strong> <\/p>\n<p>                                O\u00f9 \u00e9tait pass\u00e9e sa valise?<\/p>\n<p>Le transfert de Nabilla depuis les \u00c9mirats arabes unis,\u00a0<strong>o\u00f9 elle r\u00e9side depuis plusieurs ann\u00e9es, <\/strong>ne\u00a0s&rsquo;\u00e9tait pourtant pas vraiment pass\u00e9 comme pr\u00e9vu la veille.<\/p>\n<p><strong>Dans une story et une vid\u00e9o partag\u00e9es sur ses r\u00e9seaux sociaux,<\/strong>\u00a0elle expliquait que sa valise avait \u00e9t\u00e9 perdue pendant le voyage.<\/p>\n<p>Apr\u00e8s la mont\u00e9e des marches de ce mercredi, <strong>Nabilla devrait faire une apparition le jeudi 22 mai\u00a0<\/strong><a href=\"https:\/\/www.nicematin.com\/people\/gala-de-l-amfar-commentle-cap-eden-roc-se-prepare--922799\" target=\"_blank\" rel=\"noopener\"><strong>au Gala de l&rsquo;Amfar<\/strong>, l<\/a>&lsquo;\u00e9v\u00e9nement au profit de la recherche contre le VIH, organis\u00e9 chaque ann\u00e9e par Carine Roitfield.<\/p>\n","protected":false},"excerpt":{"rendered":"Elle a retrouv\u00e9 sa valise&#8230; et mont\u00e9 les marches du 78e Festival de Cannes! Habitu\u00e9e de la quinzaine,&hellip;\n","protected":false},"author":2,"featured_media":118154,"comment_status":"","ping_status":"","sticky":false,"template":"","format":"standard","meta":{"footnotes":""},"categories":[2819],"tags":[1111,11,1777,674,5634,1011,27,12,2401,882,25],"class_list":{"0":"post-118153","1":"post","2":"type-post","3":"status-publish","4":"format-standard","5":"has-post-thumbnail","7":"category-nice","8":"tag-actu","9":"tag-actualites","10":"tag-eu","11":"tag-europe","12":"tag-festival-de-cannes","13":"tag-fr","14":"tag-france","15":"tag-news","16":"tag-nice","17":"tag-provence-alpes-cote-dazur","18":"tag-republique-francaise"},"share_on_mastodon":{"url":"https:\/\/pubeurope.com\/@fr\/114548685120976867","error":""},"_links":{"self":[{"href":"https:\/\/www.europesays.com\/fr\/wp-json\/wp\/v2\/posts\/118153","targetHints":{"allow":["GET"]}}],"collection":[{"href":"https:\/\/www.europesays.com\/fr\/wp-json\/wp\/v2\/posts"}],"about":[{"href":"https:\/\/www.europesays.com\/fr\/wp-json\/wp\/v2\/types\/post"}],"author":[{"embeddable":true,"href":"https:\/\/www.europesays.com\/fr\/wp-json\/wp\/v2\/users\/2"}],"replies":[{"embeddable":true,"href":"https:\/\/www.europesays.com\/fr\/wp-json\/wp\/v2\/comments?post=118153"}],"version-history":[{"count":0,"href":"https:\/\/www.europesays.com\/fr\/wp-json\/wp\/v2\/posts\/118153\/revisions"}],"wp:featuredmedia":[{"embeddable":true,"href":"https:\/\/www.europesays.com\/fr\/wp-json\/wp\/v2\/media\/118154"}],"wp:attachment":[{"href":"https:\/\/www.europesays.com\/fr\/wp-json\/wp\/v2\/media?parent=118153"}],"wp:term":[{"taxonomy":"category","embeddable":true,"href":"https:\/\/www.europesays.com\/fr\/wp-json\/wp\/v2\/categories?post=118153"},{"taxonomy":"post_tag","embeddable":true,"href":"https:\/\/www.europesays.com\/fr\/wp-json\/wp\/v2\/tags?post=118153"}],"curies":[{"name":"wp","href":"https:\/\/api.w.org\/{rel}","templated":true}]}}