{"id":118155,"date":"2025-05-22T00:37:25","date_gmt":"2025-05-22T00:37:25","guid":{"rendered":"https:\/\/www.europesays.com\/fr\/118155\/"},"modified":"2025-05-22T00:37:25","modified_gmt":"2025-05-22T00:37:25","slug":"le-retour-des-scenes-vagabondes-a-nantes-big-city-nantes","status":"publish","type":"post","link":"https:\/\/www.europesays.com\/fr\/118155\/","title":{"rendered":"Le retour des sc\u00e8nes vagabondes \u00e0 Nantes\u00a0!\u00a0 \u2013 Big City Nantes"},"content":{"rendered":"<p>Chaque ann\u00e9e,\u00a0<strong>Les Sc\u00e8nes Vagabondes<\/strong>\u00a0transforment les espaces verts de Nantes en v\u00e9ritables sc\u00e8nes \u00e0 ciel ouvert. Ce festival gratuit et familial m\u00eale avec audace musique, th\u00e9\u00e2tre, danse et arts de rue, pour trois jours de d\u00e9couvertes et de\u00a0<strong>partage en plein air<\/strong>\u00a0!\u00a0\ud83d\ude0e<\/p>\n<p><strong>Des sc\u00e8nes nomades au c\u0153ur de la ville de Nantes\u00a0!<\/strong><img loading=\"lazy\" decoding=\"async\" width=\"1160\" height=\"774\" src=\"https:\/\/www.europesays.com\/fr\/wp-content\/uploads\/2025\/05\/484027386_2064942217358275_2661179288419347012_n-1160x774.jpg\" alt=\"Le retour des sc\u00e8nes vagabondes \u00e0 Nantes\u00a0!\u00a0\" class=\"lazyload wp-image-114289\" style=\"aspect-ratio:16\/9;object-fit:cover\"  data-\/>Le retour des sc\u00e8nes vagabondes \u00e0 Nantes\u00a0!\u00a0<\/p>\n<p>Install\u00e9 dans des parcs embl\u00e9matiques comme le\u00a0<strong>Grand Blottereau<\/strong>,\u00a0<strong>le parc de la Gaudini\u00e8re<\/strong>\u00a0ou encore\u00a0<strong>Proc\u00e9<\/strong>, le festival tire son nom de son caract\u00e8re itin\u00e9rant : les arts y vagabondent, tout comme le public. L\u2019ambiance est conviviale, inclusive, ancr\u00e9e dans une volont\u00e9 de\u00a0<strong>rendre la culture accessible \u00e0 tous<\/strong>\u00a0\u2013 enfants, adultes, curieux, r\u00eaveurs ou initi\u00e9s.<\/p>\n<p><strong>Le festival \u00ab\u00a0Les Sc\u00e8nes Vagabondes\u00a0\u00bb \u00e0 Nantes\u00a0!\u00a0<\/strong><img loading=\"lazy\" decoding=\"async\" width=\"1160\" height=\"1160\" src=\"https:\/\/www.europesays.com\/fr\/wp-content\/uploads\/2025\/05\/demi-p-1160x1160.jpeg\" alt=\"\" class=\"lazyload wp-image-114290\" style=\"aspect-ratio:16\/9;object-fit:cover\"  data-\/><\/p>\n<p><strong>Le Festival Les Sc\u00e8nes vagabondes<\/strong> est un \u00e9v\u00e9nement culturel organis\u00e9 par la Ville de Nantes. Il a pour objectif de donner \u00e0 voir et \u00e0 entendre l\u2019actualit\u00e9 de la cr\u00e9ation artistique nantaise \u00e0 tous les Nantais et Nantaises. Chaque ann\u00e9e, le festival accueille entre <strong>16 000 et 20 000 spectateurs.<\/strong>\u00a0<br \/>Le festival int\u00e8gre aussi un village du livre : espace de d\u00e9tente et d\u2019ateliers, anim\u00e9 par les acteurs du Livre\u00a0\ud83d\udcd6<br \/>Coup de coeur de <strong>BIG CITY<\/strong> : la soir\u00e9e du vendredi 20 juin organis\u00e9e par <strong>Pick Up Production<\/strong> avec notamment Keysuna, Grand bruit ou encore Demi-Portion en concert gratuit !!! \ud83d\udd25<\/p>\n<p class=\"has-white-color has-text-color has-background\"> <strong> Infos pratiques<\/strong> <\/p>\n<p><strong>O\u00f9 ?<\/strong>\u00a0\u00a0Nantes<br \/><strong>Quand ?<\/strong>\u00a0\u00a0Mai \u00e0 Juin<br \/><strong>Tarif(s)<\/strong>\u00a0\u00a0Gratuit<\/p>\n","protected":false},"excerpt":{"rendered":"Chaque ann\u00e9e,\u00a0Les Sc\u00e8nes Vagabondes\u00a0transforment les espaces verts de Nantes en v\u00e9ritables sc\u00e8nes \u00e0 ciel ouvert. Ce festival gratuit&hellip;\n","protected":false},"author":2,"featured_media":118156,"comment_status":"","ping_status":"","sticky":false,"template":"","format":"standard","meta":{"footnotes":""},"categories":[2818],"tags":[1111,11,1777,674,1011,27,766,12,2636,25],"class_list":{"0":"post-118155","1":"post","2":"type-post","3":"status-publish","4":"format-standard","5":"has-post-thumbnail","7":"category-nantes","8":"tag-actu","9":"tag-actualites","10":"tag-eu","11":"tag-europe","12":"tag-fr","13":"tag-france","14":"tag-nantes","15":"tag-news","16":"tag-pays-de-la-loire","17":"tag-republique-francaise"},"share_on_mastodon":{"url":"https:\/\/pubeurope.com\/@fr\/114548693002504920","error":""},"_links":{"self":[{"href":"https:\/\/www.europesays.com\/fr\/wp-json\/wp\/v2\/posts\/118155","targetHints":{"allow":["GET"]}}],"collection":[{"href":"https:\/\/www.europesays.com\/fr\/wp-json\/wp\/v2\/posts"}],"about":[{"href":"https:\/\/www.europesays.com\/fr\/wp-json\/wp\/v2\/types\/post"}],"author":[{"embeddable":true,"href":"https:\/\/www.europesays.com\/fr\/wp-json\/wp\/v2\/users\/2"}],"replies":[{"embeddable":true,"href":"https:\/\/www.europesays.com\/fr\/wp-json\/wp\/v2\/comments?post=118155"}],"version-history":[{"count":0,"href":"https:\/\/www.europesays.com\/fr\/wp-json\/wp\/v2\/posts\/118155\/revisions"}],"wp:featuredmedia":[{"embeddable":true,"href":"https:\/\/www.europesays.com\/fr\/wp-json\/wp\/v2\/media\/118156"}],"wp:attachment":[{"href":"https:\/\/www.europesays.com\/fr\/wp-json\/wp\/v2\/media?parent=118155"}],"wp:term":[{"taxonomy":"category","embeddable":true,"href":"https:\/\/www.europesays.com\/fr\/wp-json\/wp\/v2\/categories?post=118155"},{"taxonomy":"post_tag","embeddable":true,"href":"https:\/\/www.europesays.com\/fr\/wp-json\/wp\/v2\/tags?post=118155"}],"curies":[{"name":"wp","href":"https:\/\/api.w.org\/{rel}","templated":true}]}}