{"id":118159,"date":"2025-05-22T00:39:15","date_gmt":"2025-05-22T00:39:15","guid":{"rendered":"https:\/\/www.europesays.com\/fr\/118159\/"},"modified":"2025-05-22T00:39:15","modified_gmt":"2025-05-22T00:39:15","slug":"les-places-pourraient-partir-tres-vite","status":"publish","type":"post","link":"https:\/\/www.europesays.com\/fr\/118159\/","title":{"rendered":"les places pourraient partir (tr\u00e8s) vite"},"content":{"rendered":"<p>            Par<br \/>\n        <strong><br \/>\n            <a href=\"https:\/\/actu.fr\/auteur\/aurelien-cardot\" title=\"Consulter tous les articles de Aurelien Cardot\" target=\"_blank\" rel=\"noopener\">Aurelien Cardot<\/a><br \/>\n        <\/strong><\/p>\n<p>        Publi\u00e9 le<\/p>\n<p>            21 mai 2025 \u00e0 17h51        <\/p>\n<p>Il n\u2019a fallu que <strong>30 minutes<\/strong> pour que les 20 000 places de la <a href=\"https:\/\/actu.fr\/nouvelle-aquitaine\/bordeaux_33063\/union-bordeaux-begles-la-place-des-quinconces-se-transforme-en-fanzone-pour-la-finale-de-champions-cup_62596053.html\" target=\"_blank\" rel=\"noopener\">fanzone des Quinconces<\/a> soient r\u00e9serv\u00e9es. Pour r\u00e9pondre \u00e0 l\u2019engouement des fans de l\u2019UBB, l\u2019hippodrome de Bordeaux-Le Bouscat met en place une <strong>retransmission de la finale de la Champions Cup<\/strong>\u00a0ce samedi 24 mai.<\/p>\n<p class=\" wall-content\">La rencontre, qui se jouera \u00e0 Cardiff, est la premi\u00e8re finale europ\u00e9enne de l\u2019histoire du club bordelais. Face \u00e0 la forte demande, une jauge limit\u00e9e \u00e0 <strong>1 700 personnes<\/strong> sera appliqu\u00e9e sur le site du Bouscat. L\u2019hippodrome diffusera le match contre Northampton sur <strong>\u00e9cran g\u00e9ant<\/strong>, en parall\u00e8le d\u2019une journ\u00e9e de courses qui commencera \u00e0 11h.\u00a0<\/p>\n<p>Un open air in\u00e9dit<\/p>\n<p class=\" wall-content\">Pour clore la soir\u00e9e, l\u2019hippodrome accueillera <a href=\"https:\/\/actu.fr\/nouvelle-aquitaine\/bordeaux_33063\/ce-nouveau-rendez-vous-electro-investit-l-hippodrome-de-bordeaux-le-bouscat-ce-que-reserve-la-garden_62517584.html\" target=\"_blank\" rel=\"noopener\">La Garden<\/a> pour sa toute premi\u00e8re \u00e9dition. Une nouvelle <strong>soir\u00e9e \u00e9lectro<\/strong> en plein air avec le DJ fran\u00e7ais Tony Romera en t\u00eate d\u2019affiche. Au programme : des effets de lumi\u00e8re, des performances artistiques et plusieurs stands de restauration.\u00a0<\/p>\n<p class=\" wall-content\"><strong>L\u2019inscription est obligatoire<\/strong> pour acc\u00e9der \u00e0 l\u2019\u00e9v\u00e9nement. Les r\u00e9servations se font en ligne, via la plateforme <a href=\"https:\/\/shotgun.live\/fr\/events\/fanzone-de-l-hippodrome?fbclid=IwY2xjawKazg5leHRuA2FlbQIxMABicmlkETFrV1BpTzJWZzdWSjZJVFJ5AR7MLHECNDFGhwtaHGsf7H9Q1gDiqw9okWEPDPVZo4OwyDcjtr0DxPEs6qqqvA_aem_89bsEoOw8TnwuXEH8TQ-fg\" target=\"_blank\" rel=\"noopener\">Shotgun<\/a>.<\/p>\n<p class=\" wall-content\">Suivez toute l\u2019actualit\u00e9 de vos villes et m\u00e9dias favoris en vous inscrivant \u00e0 <a href=\"https:\/\/moncompte.actu.fr\" title=\"D\u00e9couvez Mon Actu\" rel=\"nofollow noopener\" data-trk=\"{&quot;cta&quot;:{&quot;action&quot;:&quot;https:\\\/\\\/moncompte.actu.fr&quot;,&quot;category&quot;:&quot;mon compte&quot;,&quot;from&quot;:&quot;article footer&quot;,&quot;name&quot;:&quot;Mon actu&quot;,&quot;type&quot;:&quot;cta&quot;}}\" target=\"_blank\">Mon Actu<\/a>.<\/p>\n","protected":false},"excerpt":{"rendered":"Par Aurelien Cardot Publi\u00e9 le 21 mai 2025 \u00e0 17h51 Il n\u2019a fallu que 30 minutes pour que&hellip;\n","protected":false},"author":2,"featured_media":118160,"comment_status":"","ping_status":"","sticky":false,"template":"","format":"standard","meta":{"footnotes":""},"categories":[2817],"tags":[1111,11,1997,3460,1777,674,1011,27,12,2219,25,6107,104,4435],"class_list":{"0":"post-118159","1":"post","2":"type-post","3":"status-publish","4":"format-standard","5":"has-post-thumbnail","7":"category-bordeaux","8":"tag-actu","9":"tag-actualites","10":"tag-bordeaux","11":"tag-champions-cup","12":"tag-eu","13":"tag-europe","14":"tag-fr","15":"tag-france","16":"tag-news","17":"tag-nouvelle-aquitaine","18":"tag-republique-francaise","19":"tag-rugby-international","20":"tag-societe","21":"tag-ubb-union-bordeaux-begles"},"share_on_mastodon":{"url":"https:\/\/pubeurope.com\/@fr\/114548700937904211","error":""},"_links":{"self":[{"href":"https:\/\/www.europesays.com\/fr\/wp-json\/wp\/v2\/posts\/118159","targetHints":{"allow":["GET"]}}],"collection":[{"href":"https:\/\/www.europesays.com\/fr\/wp-json\/wp\/v2\/posts"}],"about":[{"href":"https:\/\/www.europesays.com\/fr\/wp-json\/wp\/v2\/types\/post"}],"author":[{"embeddable":true,"href":"https:\/\/www.europesays.com\/fr\/wp-json\/wp\/v2\/users\/2"}],"replies":[{"embeddable":true,"href":"https:\/\/www.europesays.com\/fr\/wp-json\/wp\/v2\/comments?post=118159"}],"version-history":[{"count":0,"href":"https:\/\/www.europesays.com\/fr\/wp-json\/wp\/v2\/posts\/118159\/revisions"}],"wp:featuredmedia":[{"embeddable":true,"href":"https:\/\/www.europesays.com\/fr\/wp-json\/wp\/v2\/media\/118160"}],"wp:attachment":[{"href":"https:\/\/www.europesays.com\/fr\/wp-json\/wp\/v2\/media?parent=118159"}],"wp:term":[{"taxonomy":"category","embeddable":true,"href":"https:\/\/www.europesays.com\/fr\/wp-json\/wp\/v2\/categories?post=118159"},{"taxonomy":"post_tag","embeddable":true,"href":"https:\/\/www.europesays.com\/fr\/wp-json\/wp\/v2\/tags?post=118159"}],"curies":[{"name":"wp","href":"https:\/\/api.w.org\/{rel}","templated":true}]}}