{"id":118165,"date":"2025-05-22T00:43:57","date_gmt":"2025-05-22T00:43:57","guid":{"rendered":"https:\/\/www.europesays.com\/fr\/118165\/"},"modified":"2025-05-22T00:43:57","modified_gmt":"2025-05-22T00:43:57","slug":"bruno-genesio-sera-encore-sur-le-banc-de-lille-la-saison-prochaine","status":"publish","type":"post","link":"https:\/\/www.europesays.com\/fr\/118165\/","title":{"rendered":"Bruno Genesio sera encore sur le banc de Lille la saison prochaine"},"content":{"rendered":"<p>Selon La Voix du Nord, l\u2019entra\u00eeneur du LOSC va poursuivre sa mission \u00e0 la t\u00eate des Dogues, soutenu par son pr\u00e9sident Olivier L\u00e9tang.<\/p>\n<p class=\"fig-paragraph\">Fin du suspense \u00e0 Lille\u00a0? 48 heures apr\u00e8s l\u2019\u00e9pilogue de la saison de Ligue 1, qui a vu le LOSC terminer \u00e0 la 5e place (qualification directe en Ligue Europa),\u00a0<a href=\"https:\/\/www.lavoixdunord.fr\/1587349\/article\/2025-05-19\/losc-bruno-genesio-sera-bien-l-entraineur-de-lille-pour-la-saison-2025-2026\" target=\"_blank\" rel=\"nofollow noopener\" data-gtm-custom-categorie=\"navigation\" data-gtm-custom-action=\"crossclick\" data-gtm-custom-label=\"Contextuel\" data-gtm-event=\"customEventSPE\">La Voix du Nord<\/a> \u00a0r\u00e9v\u00e8le ce lundi une information capitale pour les supporters des Dogues.<a href=\"http:\/\/www.lefigaro.fr\/sports\/football\/ligue-1\/ligue-1-il-y-aura-un-bilan-de-fait-avec-ma-direction-genesio-laisse-planer-le-doute-sur-son-avenir-20250518\" target=\"_blank\" data-fig-type=\"NewsFlash\" rel=\"noopener\" data-gtm-custom-categorie=\"navigation\" data-gtm-custom-action=\"crossclick\" data-gtm-custom-label=\"Contextuel\" data-gtm-event=\"customEventSPE\" data-fig-domain=\"LEFIGARO\">\u00a0Alors qu\u2019il avait laiss\u00e9 planer le doute samedi en conf\u00e9rence de presse<\/a>, Bruno Genesio va poursuivre sa mission \u00e0 la t\u00eate de l\u2019\u00e9quipe, indique le quotidien r\u00e9gional. L\u2019entra\u00eeneur lillois et son pr\u00e9sident Olivier L\u00e9tang l\u2019ont confirm\u00e9 personnellement au m\u00e9dia nordiste.<\/p>\n<p class=\"fig-paragraph\">\u00abComme je l\u2019ai d\u00e9j\u00e0 dit, Bruno sera notre entra\u00eeneur la saison prochaine et j\u2019en suis tr\u00e8s heureux. Je ne vois pas un autre entra\u00eeneur meilleur que Bruno pour nous permettre de continuer \u00e0 d\u00e9velopper notre projet et performer\u00bb, a indiqu\u00e9 L\u00e9tang. Arriv\u00e9 l\u2019\u00e9t\u00e9 dernier pour remplacer Paulo Fonseca, Genesio s\u2019est hiss\u00e9 en 8e de finale de Ligue des champions avec le LOSC (d\u00e9faite face au Borussia Dortmund) mais a \u00e9chou\u00e9 en 8e de finale de Coupe de France face \u00e0 Dunkerque, en marge du championnat boucl\u00e9 \u00e0 un petit point du Top 4, synonyme de Ligue des champions.<\/p>\n","protected":false},"excerpt":{"rendered":"Selon La Voix du Nord, l\u2019entra\u00eeneur du LOSC va poursuivre sa mission \u00e0 la t\u00eate des Dogues, soutenu&hellip;\n","protected":false},"author":2,"featured_media":118166,"comment_status":"","ping_status":"","sticky":false,"template":"","format":"standard","meta":{"footnotes":""},"categories":[2815],"tags":[1111,11,8095,525,1981,814,1777,674,2257,63,1011,27,811,3309,66,1307,2267,955,12,1176,978,93,25,1980],"class_list":{"0":"post-118165","1":"post","2":"type-post","3":"status-publish","4":"format-standard","5":"has-post-thumbnail","7":"category-lille","8":"tag-actu","9":"tag-actualites","10":"tag-bruno-genesio","11":"tag-calendrier","12":"tag-classement","13":"tag-direct","14":"tag-eu","15":"tag-europe","16":"tag-foot","17":"tag-football","18":"tag-fr","19":"tag-france","20":"tag-hauts-de-france","21":"tag-l1","22":"tag-ligue-1","23":"tag-lille","24":"tag-losc","25":"tag-match","26":"tag-news","27":"tag-olympique-de-marseille","28":"tag-olympique-lyonnais","29":"tag-psg","30":"tag-republique-francaise","31":"tag-resultats"},"share_on_mastodon":{"url":"https:\/\/pubeurope.com\/@fr\/114548720485011959","error":""},"_links":{"self":[{"href":"https:\/\/www.europesays.com\/fr\/wp-json\/wp\/v2\/posts\/118165","targetHints":{"allow":["GET"]}}],"collection":[{"href":"https:\/\/www.europesays.com\/fr\/wp-json\/wp\/v2\/posts"}],"about":[{"href":"https:\/\/www.europesays.com\/fr\/wp-json\/wp\/v2\/types\/post"}],"author":[{"embeddable":true,"href":"https:\/\/www.europesays.com\/fr\/wp-json\/wp\/v2\/users\/2"}],"replies":[{"embeddable":true,"href":"https:\/\/www.europesays.com\/fr\/wp-json\/wp\/v2\/comments?post=118165"}],"version-history":[{"count":0,"href":"https:\/\/www.europesays.com\/fr\/wp-json\/wp\/v2\/posts\/118165\/revisions"}],"wp:featuredmedia":[{"embeddable":true,"href":"https:\/\/www.europesays.com\/fr\/wp-json\/wp\/v2\/media\/118166"}],"wp:attachment":[{"href":"https:\/\/www.europesays.com\/fr\/wp-json\/wp\/v2\/media?parent=118165"}],"wp:term":[{"taxonomy":"category","embeddable":true,"href":"https:\/\/www.europesays.com\/fr\/wp-json\/wp\/v2\/categories?post=118165"},{"taxonomy":"post_tag","embeddable":true,"href":"https:\/\/www.europesays.com\/fr\/wp-json\/wp\/v2\/tags?post=118165"}],"curies":[{"name":"wp","href":"https:\/\/api.w.org\/{rel}","templated":true}]}}