{"id":118169,"date":"2025-05-22T00:45:17","date_gmt":"2025-05-22T00:45:17","guid":{"rendered":"https:\/\/www.europesays.com\/fr\/118169\/"},"modified":"2025-05-22T00:45:17","modified_gmt":"2025-05-22T00:45:17","slug":"a-marseille-le-depart-ineluctable-des-galeries-lafayette","status":"publish","type":"post","link":"https:\/\/www.europesays.com\/fr\/118169\/","title":{"rendered":"\u00e0 Marseille, le d\u00e9part in\u00e9luctable des Galeries Lafayette"},"content":{"rendered":"<p>Malgr\u00e9 les appels \u00e0 l\u2019aide et les tentatives des pouvoirs publics de faire revenir les Galeries Lafayette sur leur d\u00e9cision, le groupe quittera bel et bien Marseille en fermant ses deux points de vente \u00e0 la fin de l\u2019ann\u00e9e, cr\u00e9ant ainsi d\u2019immenses friches commerciales.<\/p>\n<p class=\"fig-paragraph\">Jusqu\u2019au bout, certains ont cru pouvoir faire revenir les\u00a0<a href=\"http:\/\/www.lefigaro.fr\/societes\/ginette-moulin-proprietaire-du-groupe-galeries-lafayette-est-morte-a-98-ans-20250211\" data-fig-type=\"NewsFlash\" data-gtm-custom-categorie=\"navigation\" data-gtm-custom-action=\"crossclick\" data-gtm-custom-label=\"Contextuel\" data-gtm-event=\"customEventSPE\" data-fig-domain=\"LEFIGARO\" target=\"_blank\" rel=\"noopener\">Galeries Lafayette<\/a>\u00a0sur leur d\u00e9cision. Mais la sentence est tomb\u00e9e vendredi comme un couperet. Selon des informations parues dans\u00a0<a href=\"https:\/\/www.lamarseillaise.fr\/social\/l-etat-valide-le-pse-aux-galeries-lafayette-HO18163477\" target=\"_blank\" rel=\"nofollow noopener\" data-gtm-custom-categorie=\"navigation\" data-gtm-custom-action=\"crossclick\" data-gtm-custom-label=\"Contextuel\" data-gtm-event=\"customEventSPE\">La Marseillaise<\/a> \u00a0ce mercredi et confirm\u00e9es de sources concordantes au Figaro, l\u2019\u00c9tat a enti\u00e8rement valid\u00e9 le\u00a0<a href=\"http:\/\/www.lefigaro.fr\/flash-eco\/des-plans-de-sauvegarde-de-l-emploi-de-moindre-ampleur-en-mars-20210401\" data-fig-type=\"NewsFlash\" data-gtm-custom-categorie=\"navigation\" data-gtm-custom-action=\"crossclick\" data-gtm-custom-label=\"Contextuel\" data-gtm-event=\"customEventSPE\" data-fig-domain=\"LEFIGARO\" target=\"_blank\" rel=\"noopener\">plan de sauvegarde de l\u2019emploi<\/a>\u00a0(PSE) cons\u00e9cutif \u00e0 la fermeture des deux seuls magasins des Galeries Lafayette \u00e0 Marseille. Situ\u00e9s respectivement dans le centre commercial du Prado (pr\u00e8s du stade\u00a0<a href=\"http:\/\/www.lefigaro.fr\/musique\/le-chanteur-de-reggaeton-bad-bunny-se-produira-au-velodrome-et-a-la-defense-arena-en-2026-20250506\" data-fig-type=\"Article\" data-gtm-custom-categorie=\"navigation\" data-gtm-custom-action=\"crossclick\" data-gtm-custom-label=\"Contextuel\" data-gtm-event=\"customEventSPE\" data-fig-domain=\"LEFIGARO\" target=\"_blank\" rel=\"noopener\">V\u00e9lodrome)<\/a>\u00a0et dans le centre commercial de Centre Bourse (non loin du Vieux-Port), ils fermeront d\u00e9finitivement leurs portes le 30 novembre 2025.<\/p>\n<p class=\"fig-paragraph\">Au d\u00e9but de l\u2019ann\u00e9e, les Galeries Lafayette avaient annonc\u00e9 vouloir tirer le rideau de ses deux magasins marseillais en raison de \u00abpertes r\u00e9currentes depuis plusieurs ann\u00e9es\u00bb et d\u2019une situation d\u00e9s\u00e9quilibrant \u00ables performances du reste du r\u00e9seau fran\u00e7ais\u00bb. D\u2019apr\u00e8s Michelle Millepied, secr\u00e9taire g\u00e9n\u00e9rale FO aux Galeries Lafayette, \u00abce plan comprend le licenciement de 150 salari\u00e9s (de l\u2019entreprise) \u00e0 Marseille, et de 150 salari\u00e9s sur les d\u00e9monstrations de la marque\u00bb, soit les salari\u00e9s de certaines autres enseignes pr\u00e9sentes au sein des Galeries.<\/p>\n<p>\u00abUn immense g\u00e2chis\u00bb<\/p>\n<p class=\"fig-paragraph\">\u00c0 plusieurs reprises, le pr\u00e9fet des Bouches-du-Rh\u00f4ne, Georges-Fran\u00e7ois Leclerc, a cherch\u00e9 \u00e0 faire changer d\u2019avis l\u2019entreprise. \u00abLe sujet \u00e9tait suivi par le pr\u00e9fet personnellement depuis l\u2019annonce un peu surprise du d\u00e9part des Galeries au d\u00e9but de l\u2019ann\u00e9e 2025, confirme S\u00e9bastien Debeaumont, directeur r\u00e9gional de l\u2019\u00e9conomie, de l\u2019emploi, du travail et des solidarit\u00e9s (Dreets). D\u00e8s l\u2019annonce, le pr\u00e9fet a tenu une premi\u00e8re r\u00e9union assez franche et directe avec les collectivit\u00e9s territoriales et les Galeries Lafayette. Il y a eu une seconde r\u00e9union le 14 mai dernier au cours de laquelle le pr\u00e9fet a demand\u00e9 de mani\u00e8re incisive aux Galeries Lafayette de diff\u00e9rer cette fermeture, en pr\u00e9sence des collectivit\u00e9s locales.\u00bb<\/p>\n<p class=\"fig-paragraph\">\u00c0 en croire le pr\u00e9fet des Bouches-du-Rh\u00f4ne, l\u2019enterrement des Galeries Lafayette \u00e9tait act\u00e9 au Prado, dans la mesure o\u00f9 le bail touchait \u00e0 sa fin. Des repreneurs se seraient de plus d\u2019ores et d\u00e9j\u00e0 manifest\u00e9s. \u00abMais le pr\u00e9fet a demand\u00e9 aux Galeries Lafayette de maintenir au moins le magasin de Centre Bourse, rapporte S\u00e9bastien Debeaumont. Les Galeries Lafayette se privent d\u2019une pr\u00e9sence dans la deuxi\u00e8me ville de France. \u00c7a interpelle, et c\u2019est quelque chose que le pr\u00e9fet n\u2019a eu de cesse de rappeler.\u00bb R\u00e9cemment, Renaud Muselier a \u00e9galement\u00a0<a href=\"http:\/\/www.lefigaro.fr\/marseille\/marseille-francois-bayrou-appele-a-l-aide-pour-sauver-le-centre-ville-20250305\" data-fig-type=\"NewsFlash\" data-gtm-custom-categorie=\"navigation\" data-gtm-custom-action=\"crossclick\" data-gtm-custom-label=\"Contextuel\" data-gtm-event=\"customEventSPE\" data-fig-domain=\"LEFIGARO\" target=\"_blank\" rel=\"noopener\">demand\u00e9 une aide financi\u00e8re du gouvernement<\/a>, en vain.<\/p>\n<p class=\"fig-paragraph\">\u00abC\u2019est une honte, temp\u00eate le pr\u00e9sident de la r\u00e9gion Provence-Alpes-C\u00f4te d\u2019Azur. L\u2019\u00c9tat a laiss\u00e9 faire. C\u2019est l\u2019impuissance publique pouss\u00e9e \u00e0 son maximum. La ville de Marseille n\u2019a rien fait non plus, alors que les Galeries Lafayette alertent depuis trois ans\u00a0! Mais personne ne les a \u00e9cout\u00e9s. Donc, ils s\u2019en vont. C\u2019est un immense g\u00e2chis, une catastrophe.\u00bb \u00abC\u2019est faux\u00bb, d\u00e9ment-on dans l\u2019entourage du maire Beno\u00eet Payan, qui affirme avoir d\u00e9couvert les difficult\u00e9s de l\u2019entreprise au moment de l\u2019annonce de la fermeture. \u00abUne page se tourne, souffle le pr\u00e9sident de la CCI Jean-Luc Chauvin. \u00c0 nous de trouver le local pour que les Galeries Lafayette se r\u00e9installent \u00e0 Marseille&#8230;\u00bb<\/p>\n<p>Friche commerciale en vue<\/p>\n<p class=\"fig-paragraph\">Lors de l\u2019annonce de la fermeture, le directeur g\u00e9n\u00e9ral de l\u2019enseigne avait assur\u00e9 dans un communiqu\u00e9 avoir \u00abcherch\u00e9 des [solutions] alternatives possibles\u00bb, mais n\u2019avoir \u00abpas trouv\u00e9 l\u2019emplacement premium et la taille d\u2019espace qui correspondent \u00e0 [leurs] attentes\u00bb pour rester \u00e0 Marseille. Contact\u00e9es, les Galeries Lafayette n\u2019ont pas donn\u00e9 suite \u00e0 nos sollicitations.<\/p>\n<p class=\"fig-paragraph\">\u00abOn a des consid\u00e9rations historiques sur le sujet, avec une perte de vitesse de la commercialit\u00e9 du centre-ville par rapport \u00e0 l\u2019ouverture d\u2019autres zones commerciales qui exercent une concurrence qu\u2019on ne peut nier\u00bb, souffle S\u00e9bastien Debeaumont. \u00abC\u2019est li\u00e9 aussi \u00e0 l\u2019\u00e9volution du quartier et du pouvoir d\u2019achat de sa population\u00bb, estime Jean-Luc Chavin.<\/p>\n<p class=\"fig-paragraph\">\u00abL\u2019avenir que je vois en tout cas est tr\u00e8s sombre\u00bb, pronostique Renaud Muselier. Lors de sa derni\u00e8re r\u00e9union avec les Galeries Lafayette, le pr\u00e9fet n\u2019aurait pas cach\u00e9 sa crainte de devoir faire face \u00e0 \u00abl\u2019apparition d\u2019une friche commerciale avec les probl\u00e9matiques que cela peut g\u00e9n\u00e9rer, avec notamment la s\u00e9curisation du site\u00bb, selon S\u00e9bastien Debeaumont. Dans le centre commercial de Centre Bourse, les Galeries Lafayette occupent un espace de 22.000 m\u00b2, ce qui en ferait \u00abla plus grande friche commerciale d\u2019Europe\u00bb selon le pr\u00e9sident de la r\u00e9gion Provence-Alpes-C\u00f4te d\u2019Azur. Dans l\u2019entourage de Beno\u00eet Payan, on affirme travailler avec les Galeries Lafayette pour trouver un nouveau commerce, installer \u00e0 cet endroit \u00abun domaine de loisirs et de sport\u00bb ou encore un projet \u00e0 vis\u00e9e touristique. La piste de la cit\u00e9 judiciaire a de son c\u00f4t\u00e9 \u00e9t\u00e9 \u00e9cart\u00e9e par le pr\u00e9fet.<\/p>\n<p class=\"fig-paragraph\">\u00abUne \u00e9tude lanc\u00e9e par la CCI et financ\u00e9e par la r\u00e9gion, la mairie de Marseille et peut-\u00eatre la m\u00e9tropole va \u00eatre men\u00e9e sur le commerce dans le centre-ville de Marseille, se r\u00e9jouit S\u00e9bastien Debeaumont. Les Galeries Lafayette se sont engag\u00e9es \u00e0 participer \u00e0 cette \u00e9tude, \u00e0 s\u00e9curiser le site quand il sera vid\u00e9 et \u00e0 \u0153uvrer pour trouver un nouvel occupant. Des contacts sont d\u00e9j\u00e0 nou\u00e9s.\u00bb Les r\u00e9sultats de cette \u00e9tude, qui pourrait servir de base pour l\u2019avenir du site, sont attendus pour le mois de novembre, soit quelques semaines avant la fermeture d\u00e9finitive des portes.<\/p>\n","protected":false},"excerpt":{"rendered":"Malgr\u00e9 les appels \u00e0 l\u2019aide et les tentatives des pouvoirs publics de faire revenir les Galeries Lafayette sur&hellip;\n","protected":false},"author":2,"featured_media":118170,"comment_status":"","ping_status":"","sticky":false,"template":"","format":"standard","meta":{"footnotes":""},"categories":[2814],"tags":[1111,11,885,1182,1180,1181,1777,674,13407,1011,27,4238,1184,1185,884,12,1177,1176,149,1186,882,25,1178,1183,1179],"class_list":{"0":"post-118169","1":"post","2":"type-post","3":"status-publish","4":"format-standard","5":"has-post-thumbnail","7":"category-marseille","8":"tag-actu","9":"tag-actualites","10":"tag-bouches-du-rhone","11":"tag-calanques","12":"tag-canebiere","13":"tag-cite-phoceenne","14":"tag-eu","15":"tag-europe","16":"tag-fermeture","17":"tag-fr","18":"tag-france","19":"tag-galeries-lafayette","20":"tag-la-timone","21":"tag-les-baumettes-mediterranee","22":"tag-marseille","23":"tag-news","24":"tag-notre-dame-de-la-garde","25":"tag-olympique-de-marseille","26":"tag-om","27":"tag-provence","28":"tag-provence-alpes-cote-dazur","29":"tag-republique-francaise","30":"tag-saint-charles","31":"tag-sormiou","32":"tag-vieux-port"},"share_on_mastodon":{"url":"https:\/\/pubeurope.com\/@fr\/114548724430072265","error":""},"_links":{"self":[{"href":"https:\/\/www.europesays.com\/fr\/wp-json\/wp\/v2\/posts\/118169","targetHints":{"allow":["GET"]}}],"collection":[{"href":"https:\/\/www.europesays.com\/fr\/wp-json\/wp\/v2\/posts"}],"about":[{"href":"https:\/\/www.europesays.com\/fr\/wp-json\/wp\/v2\/types\/post"}],"author":[{"embeddable":true,"href":"https:\/\/www.europesays.com\/fr\/wp-json\/wp\/v2\/users\/2"}],"replies":[{"embeddable":true,"href":"https:\/\/www.europesays.com\/fr\/wp-json\/wp\/v2\/comments?post=118169"}],"version-history":[{"count":0,"href":"https:\/\/www.europesays.com\/fr\/wp-json\/wp\/v2\/posts\/118169\/revisions"}],"wp:featuredmedia":[{"embeddable":true,"href":"https:\/\/www.europesays.com\/fr\/wp-json\/wp\/v2\/media\/118170"}],"wp:attachment":[{"href":"https:\/\/www.europesays.com\/fr\/wp-json\/wp\/v2\/media?parent=118169"}],"wp:term":[{"taxonomy":"category","embeddable":true,"href":"https:\/\/www.europesays.com\/fr\/wp-json\/wp\/v2\/categories?post=118169"},{"taxonomy":"post_tag","embeddable":true,"href":"https:\/\/www.europesays.com\/fr\/wp-json\/wp\/v2\/tags?post=118169"}],"curies":[{"name":"wp","href":"https:\/\/api.w.org\/{rel}","templated":true}]}}