{"id":118171,"date":"2025-05-22T00:46:10","date_gmt":"2025-05-22T00:46:10","guid":{"rendered":"https:\/\/www.europesays.com\/fr\/118171\/"},"modified":"2025-05-22T00:46:10","modified_gmt":"2025-05-22T00:46:10","slug":"metropole-de-lyon-dou-venait-cette-epaisse-fumee-noire-visible-a-des-kilometres-a-la-ronde","status":"publish","type":"post","link":"https:\/\/www.europesays.com\/fr\/118171\/","title":{"rendered":"M\u00e9tropole de Lyon. D\u2019o\u00f9 venait cette \u00e9paisse fum\u00e9e noire visible \u00e0 des kilom\u00e8tres \u00e0 la ronde\u00a0?"},"content":{"rendered":"<p>Un impressionnant panache de fum\u00e9e s\u2019est \u00e9lev\u00e9 dans le ciel lyonnais ce mercredi soir, en d\u00e9but de soir\u00e9e. Une fum\u00e9e noire et \u00e9paisse, visible \u00e0 plusieurs kilom\u00e8tres \u00e0 la ronde, qui a interpell\u00e9 bon nombre de citoyens.<\/p>\n<p>  \u00ab\u00a0C\u2019\u00e9tait assez impressionnant\u00a0\u00bb<\/p>\n<p>Selon nos informations, un incendie s\u2019est d\u00e9clar\u00e9 aux environs de 19\u00a0h\u00a030, rue Dubois-Cranc\u00e9, dans le quartier de la Saulaie, \u00e0 Oullins-Pierre-B\u00e9nite.<\/p>\n<p>Ce contenu est bloqu\u00e9 car vous n&rsquo;avez pas accept\u00e9 les cookies et autres traceurs.<\/p>\n<p>En cliquant sur \u00ab J\u2019accepte \u00bb, les cookies et autres traceurs seront d\u00e9pos\u00e9s et vous pourrez visualiser les contenus  (<a href=\"\" class=\"consentModule_policy\" target=\"_blank\" title=\"Consulter la politique de protection des donn\u00e9es du fournisseur\">plus d&rsquo;informations<\/a>).<\/p>\n<p>En cliquant sur \u00ab J\u2019accepte tous les cookies \u00bb, vous autorisez des d\u00e9p\u00f4ts de cookies et autres traceurs pour le stockage de vos donn\u00e9es sur nos sites et applications \u00e0 des fins de personnalisation et de ciblage publicitaire.<\/p>\n<p class=\"consentModule_secondaryText\">Vous gardez la possibilit\u00e9 de retirer votre consentement \u00e0 tout moment en consultant notre <a href=\"http:\/\/www.leprogres.fr\/protection-des-donnees\" target=\"_blank\" title=\"Consulter notre politique de protection des donn\u00e9es\" rel=\"nofollow noopener\">politique de protection des donn\u00e9es<\/a>. <br \/>&#13;<br \/>\n            <a href=\"http:\/\/www.leprogres.fr\/faits-divers-justice\/2025\/05\/21\/javascript:Didomi.notice.show()\" class=\"consentModule_cmp\" rel=\"nofollow noopener\" target=\"_blank\">G\u00e9rer mes choix<\/a>&#13;\n        <\/p>\n<p>&#13;<br \/>\n                        J&rsquo;accepte&#13;<br \/>\n            J&rsquo;accepte tous les cookies&#13;\n        <\/p>\n<p>Rapidement, les flammes et la fum\u00e9e ont pris de la hauteur. Un homme, habitant dans la commune, t\u00e9moigne aupr\u00e8s du Progr\u00e8s : \u00ab\u00a0C\u2019\u00e9tait assez impressionnant. Au d\u00e9but, cela paraissait l\u00e9ger, puis \u00e7a a pris de l\u2019ampleur. Je suis \u00e0 plusieurs kilom\u00e8tres du feu, mais de mon balcon, je voyais en gros la fum\u00e9e \u00bb.<\/p>\n<p>Cependant, rien de grave selon les secours d\u00e9p\u00each\u00e9s sur place, ce n\u2019\u00e9tait \u00ab\u00a0qu\u2019un feu de d\u00e9tritus et de v\u00e9g\u00e9tations alentour, plus impressionnant qu\u2019autre chose\u00a0\u00bb. Quatre v\u00e9hicules de sapeurs-pompiers ont \u00e9t\u00e9 r\u00e9quisitionn\u00e9s, sans demande de renfort.<\/p>\n","protected":false},"excerpt":{"rendered":"Un impressionnant panache de fum\u00e9e s\u2019est \u00e9lev\u00e9 dans le ciel lyonnais ce mercredi soir, en d\u00e9but de soir\u00e9e.&hellip;\n","protected":false},"author":2,"featured_media":118172,"comment_status":"","ping_status":"","sticky":false,"template":"","format":"standard","meta":{"footnotes":""},"categories":[1889],"tags":[1111,11,2430,3154,1777,674,274,107,1011,27,1310,2428,12,15665,15666,25,2429],"class_list":{"0":"post-118171","1":"post","2":"type-post","3":"status-publish","4":"format-standard","5":"has-post-thumbnail","7":"category-lyon","8":"tag-actu","9":"tag-actualites","10":"tag-auvergne-rhone-alpes","11":"tag-edition-sud-lyonnais","12":"tag-eu","13":"tag-europe","14":"tag-faits-divers-justice","15":"tag-fil-info","16":"tag-fr","17":"tag-france","18":"tag-incendie","19":"tag-lyon","20":"tag-news","21":"tag-oullins-pierre-benite","22":"tag-oullins-ville","23":"tag-republique-francaise","24":"tag-rhone"},"share_on_mastodon":{"url":"https:\/\/pubeurope.com\/@fr\/114548728382727119","error":""},"_links":{"self":[{"href":"https:\/\/www.europesays.com\/fr\/wp-json\/wp\/v2\/posts\/118171","targetHints":{"allow":["GET"]}}],"collection":[{"href":"https:\/\/www.europesays.com\/fr\/wp-json\/wp\/v2\/posts"}],"about":[{"href":"https:\/\/www.europesays.com\/fr\/wp-json\/wp\/v2\/types\/post"}],"author":[{"embeddable":true,"href":"https:\/\/www.europesays.com\/fr\/wp-json\/wp\/v2\/users\/2"}],"replies":[{"embeddable":true,"href":"https:\/\/www.europesays.com\/fr\/wp-json\/wp\/v2\/comments?post=118171"}],"version-history":[{"count":0,"href":"https:\/\/www.europesays.com\/fr\/wp-json\/wp\/v2\/posts\/118171\/revisions"}],"wp:featuredmedia":[{"embeddable":true,"href":"https:\/\/www.europesays.com\/fr\/wp-json\/wp\/v2\/media\/118172"}],"wp:attachment":[{"href":"https:\/\/www.europesays.com\/fr\/wp-json\/wp\/v2\/media?parent=118171"}],"wp:term":[{"taxonomy":"category","embeddable":true,"href":"https:\/\/www.europesays.com\/fr\/wp-json\/wp\/v2\/categories?post=118171"},{"taxonomy":"post_tag","embeddable":true,"href":"https:\/\/www.europesays.com\/fr\/wp-json\/wp\/v2\/tags?post=118171"}],"curies":[{"name":"wp","href":"https:\/\/api.w.org\/{rel}","templated":true}]}}