{"id":118173,"date":"2025-05-22T00:47:20","date_gmt":"2025-05-22T00:47:20","guid":{"rendered":"https:\/\/www.europesays.com\/fr\/118173\/"},"modified":"2025-05-22T00:47:20","modified_gmt":"2025-05-22T00:47:20","slug":"sacre-revers-symbolique-pour-la-reforme-du-mode-de-vote","status":"publish","type":"post","link":"https:\/\/www.europesays.com\/fr\/118173\/","title":{"rendered":"sacr\u00e9 revers symbolique pour la r\u00e9forme du mode de vote"},"content":{"rendered":"<p>            Par<br \/>\n        <strong><br \/>\n            <a href=\"https:\/\/actu.fr\/auteur\/redaction-lyon\" title=\"Consulter tous les articles de R\u00e9daction Lyon\" rel=\"nofollow noopener\" target=\"_blank\">R\u00e9daction Lyon<\/a><br \/>\n        <\/strong><\/p>\n<p>        Publi\u00e9 le<\/p>\n<p>            21 mai 2025 \u00e0 14h34        <\/p>\n<p>La <a href=\"https:\/\/actu.fr\/auvergne-rhone-alpes\/lyon_69123\/lyon-municipales-2026-la-loi-pour-changer-le-mode-de-scrutin-adoptee-par-l-assemblee_62490113.html\" rel=\"nofollow noopener\" target=\"_blank\">r\u00e9forme du scrutin municipal pour Paris, Lyon et Marseille<\/a> (loi PLM) semble mal embarqu\u00e9e au S\u00e9nat, o\u00f9 elle a \u00e9t\u00e9 <strong>massivement rejet\u00e9e mercredi en commission des Lois<\/strong> avant son examen le 3 juin dans l\u2019h\u00e9micycle.<\/p>\n<p>Revers devant le S\u00e9nat<\/p>\n<p class=\" wall-content\">Adopt\u00e9e \u00e0 l\u2019Assembl\u00e9e nationale d\u00e9but avril \u00e0 moins d\u2019un an des <a href=\"https:\/\/actu.fr\/tag\/municipales-2026\" rel=\"nofollow noopener\" target=\"_blank\">\u00e9lections municipales<\/a>, la proposition de loi initi\u00e9e par des \u00e9lus Renaissance risque de conna\u00eetre un sort moins glorieux \u00e0 la chambre haute, o\u00f9 les deux premiers groupes, Les R\u00e9publicains et le Parti socialiste, y sont tr\u00e8s majoritairement oppos\u00e9s.<\/p>\n<p class=\" wall-content\">Le rapport de force a \u00e9t\u00e9 tr\u00e8s net en commission des Lois mercredi, avec un <strong>rejet unanime<\/strong>. Seuls les groupes centristes et macronistes se sont abstenus \u00e0 ce stade, a-t-on appris aupr\u00e8s de plusieurs sources.\u00a0<\/p>\n<p class=\" wall-content\">\u00c0 l\u2019Assembl\u00e9e, le texte avait eu les faveurs du Rassemblement national et de La France insoumise en plus de celui de l\u2019essentiel de la coalition gouvernementale. Mais le RN ne compte qu\u2019une poign\u00e9e d\u2019\u00e9lus \u00e0 la chambre haute et LFI aucun, ce qui complique les ambitions des d\u00e9fenseurs de la r\u00e9forme.<\/p>\n<p class=\" wall-content\">\n<p>Vid\u00e9os : en ce moment sur ActuLe dernier mot aux d\u00e9put\u00e9s ?<\/p>\n<p class=\" wall-content\">Ce rejet en commission est un mauvais signal en vue de la discussion du texte dans l\u2019h\u00e9micycle, mardi 3 juin, m\u00eame si plusieurs amendements pourraient \u00eatre d\u00e9pos\u00e9s pour modifier le texte, voire en r\u00e9duire le p\u00e9rim\u00e8tre.\u00a0<\/p>\n<p class=\" wall-content\">Un rejet du S\u00e9nat ne compromettrait n\u00e9anmoins pas totalement l\u2019adoption d\u00e9finitive de la r\u00e9forme, car le gouvernement qui la soutient dispose de certains leviers pour la faire aboutir, comme celui de donner le \u00ab\u00a0dernier mot\u00a0\u00bb aux d\u00e9put\u00e9s, m\u00eame si cela retarderait le calendrier parlementaire.<\/p>\n<p>Deux scrutins directs pour \u00e9lire le maire de Lyon<\/p>\n<p class=\" wall-content\">La proposition de loi <strong>mettrait fin au mode de scrutin mis en place en 1982<\/strong>, en vertu duquel les \u00e9lecteurs \u00e0 Paris, Lyon et Marseille votent dans chaque arrondissement pour une liste de conseillers, les \u00e9lus du haut de la liste si\u00e9geant au conseil d\u2019arrondissement et au conseil municipal.<\/p>\n<p class=\" wall-content\">Elle pr\u00e9voit \u00e0 la place d\u2019instaurer deux scrutins distincts, l\u2019un pour \u00e9lire les conseillers d\u2019arrondissement ou de secteur, l\u2019autre pour \u00e9lire ceux du conseil municipal, sur une circonscription unique.<\/p>\n<p>Des avis tr\u00e8s contrast\u00e9s \u00e0 Lyon<\/p>\n<p class=\" wall-content\">\u00c0 Lyon, le maire sortant et candidat <a href=\"https:\/\/actu.fr\/auvergne-rhone-alpes\/lyon_69123\/lyon-un-joueur-de-l-ol-cache-le-drapeau-lgbt-le-maire-gregory-doucet-met-un-carton-rouge_62654668.html\" rel=\"nofollow noopener\" target=\"_blank\">Gr\u00e9gory Doucet<\/a> est contre la r\u00e9forme, estimant qu\u2019il s\u2019agit d\u2019un \u00ab\u00a0tripatouillage\u00a0\u00bb \u00e9lectoral d\u2019Emmanuel Macron, mesure non prioritaire selon l\u2019\u00e9lu local.<\/p>\n<p class=\" wall-content\">M\u00eame critique du c\u00f4t\u00e9 de <a href=\"https:\/\/actu.fr\/auvergne-rhone-alpes\/lyon_69123\/lyon-plainte-intimidations-pierre-oliver-denonce-les-methodes-des-equipes-aulas_62640869.html\" rel=\"nofollow noopener\" target=\"_blank\">Pierre Oliver<\/a>, candidat LR, ou encore de <a href=\"https:\/\/actu.fr\/auvergne-rhone-alpes\/lyon_69123\/sandrine-runel-deputee-ps-du-rhone-je-regrette-les-choix-du-maire-de-lyon_62007940.html\" rel=\"nofollow noopener\" target=\"_blank\">Sandrine Runel<\/a>, la d\u00e9put\u00e9e PS qui avait d\u00e9pos\u00e9 un amendement \u00e0 l\u2019Assembl\u00e9e pour supprimer le principal article, sans succ\u00e8s.\u00a0<\/p>\n<p class=\" wall-content\">Du c\u00f4t\u00e9 de <a href=\"https:\/\/actu.fr\/auvergne-rhone-alpes\/lyon_69123\/lyon-municipales-2026-jean-michel-aulas-fait-sa-premiere-proposition-choc-de-campagne_62665560.html\" rel=\"nofollow noopener\" target=\"_blank\">Jean-Michel Aulas<\/a>, il ne s\u2019est pas exprim\u00e9 publiquement, mais des proches du possible candidat \u00e0 la mairie expliquent qu\u2019il aurait int\u00e9r\u00eat \u00e0 un changement du scrutin. Selon nos informations, l\u2019adoption de la r\u00e9forme fait partie des \u00e9l\u00e9ments de sa r\u00e9flexion pour se lancer en politique.\u00a0<\/p>\n<p class=\" wall-content\"><strong>Avec AFP<\/strong><\/p>\n<p class=\" wall-content\">Suivez toute l\u2019actualit\u00e9 de vos villes et m\u00e9dias favoris en vous inscrivant \u00e0 <a href=\"https:\/\/moncompte.actu.fr\" title=\"D\u00e9couvez Mon Actu\" rel=\"nofollow noopener\" data-trk=\"{&quot;cta&quot;:{&quot;action&quot;:&quot;https:\\\/\\\/moncompte.actu.fr&quot;,&quot;category&quot;:&quot;mon compte&quot;,&quot;from&quot;:&quot;article footer&quot;,&quot;name&quot;:&quot;Mon actu&quot;,&quot;type&quot;:&quot;cta&quot;}}\" target=\"_blank\">Mon Actu<\/a>.<\/p>\n","protected":false},"excerpt":{"rendered":"Par R\u00e9daction Lyon Publi\u00e9 le 21 mai 2025 \u00e0 14h34 La r\u00e9forme du scrutin municipal pour Paris, Lyon&hellip;\n","protected":false},"author":2,"featured_media":118174,"comment_status":"","ping_status":"","sticky":false,"template":"","format":"standard","meta":{"footnotes":""},"categories":[1889],"tags":[1111,11,2430,4188,1777,674,1011,27,2428,3434,12,316,25,1004],"class_list":{"0":"post-118173","1":"post","2":"type-post","3":"status-publish","4":"format-standard","5":"has-post-thumbnail","7":"category-lyon","8":"tag-actu","9":"tag-actualites","10":"tag-auvergne-rhone-alpes","11":"tag-elections-municipales","12":"tag-eu","13":"tag-europe","14":"tag-fr","15":"tag-france","16":"tag-lyon","17":"tag-municipales-2026","18":"tag-news","19":"tag-politique","20":"tag-republique-francaise","21":"tag-senat"},"share_on_mastodon":{"url":"https:\/\/pubeurope.com\/@fr\/114548732322660348","error":""},"_links":{"self":[{"href":"https:\/\/www.europesays.com\/fr\/wp-json\/wp\/v2\/posts\/118173","targetHints":{"allow":["GET"]}}],"collection":[{"href":"https:\/\/www.europesays.com\/fr\/wp-json\/wp\/v2\/posts"}],"about":[{"href":"https:\/\/www.europesays.com\/fr\/wp-json\/wp\/v2\/types\/post"}],"author":[{"embeddable":true,"href":"https:\/\/www.europesays.com\/fr\/wp-json\/wp\/v2\/users\/2"}],"replies":[{"embeddable":true,"href":"https:\/\/www.europesays.com\/fr\/wp-json\/wp\/v2\/comments?post=118173"}],"version-history":[{"count":0,"href":"https:\/\/www.europesays.com\/fr\/wp-json\/wp\/v2\/posts\/118173\/revisions"}],"wp:featuredmedia":[{"embeddable":true,"href":"https:\/\/www.europesays.com\/fr\/wp-json\/wp\/v2\/media\/118174"}],"wp:attachment":[{"href":"https:\/\/www.europesays.com\/fr\/wp-json\/wp\/v2\/media?parent=118173"}],"wp:term":[{"taxonomy":"category","embeddable":true,"href":"https:\/\/www.europesays.com\/fr\/wp-json\/wp\/v2\/categories?post=118173"},{"taxonomy":"post_tag","embeddable":true,"href":"https:\/\/www.europesays.com\/fr\/wp-json\/wp\/v2\/tags?post=118173"}],"curies":[{"name":"wp","href":"https:\/\/api.w.org\/{rel}","templated":true}]}}