{"id":118189,"date":"2025-05-22T00:55:09","date_gmt":"2025-05-22T00:55:09","guid":{"rendered":"https:\/\/www.europesays.com\/fr\/118189\/"},"modified":"2025-05-22T00:55:09","modified_gmt":"2025-05-22T00:55:09","slug":"les-senateurs-americains-poussent-pour-sanctionner-davantage-la-russie","status":"publish","type":"post","link":"https:\/\/www.europesays.com\/fr\/118189\/","title":{"rendered":"Les s\u00e9nateurs am\u00e9ricains poussent pour sanctionner davantage la Russie"},"content":{"rendered":"<p>Alors que les efforts diplomatiques peinent \u00e0 faire \u00e9merger un cessez-le-feu en <a href=\"https:\/\/www.20minutes.fr\/monde\/ukraine\/\" target=\"_blank\" class=\"color-ultramarine c-link\" rel=\"noopener\">Ukraine<\/a>, le <a href=\"https:\/\/www.20minutes.fr\/dossier\/senat\" target=\"_blank\" class=\"color-ultramarine c-link\" rel=\"noopener\">S\u00e9nat<\/a> am\u00e9ricain hausse le ton. Plus de 80 s\u00e9nateurs, issus des deux partis, ont apport\u00e9 mercredi leur soutien \u00e0 une proposition de loi visant \u00e0 imposer de nouvelles sanctions massives contre la Russie. Ce texte bipartite, cosign\u00e9 par 81 des 100 membres du S\u00e9nat, entend faire pression sur <a href=\"https:\/\/www.20minutes.fr\/monde\/vladimir_poutine\/\" target=\"_blank\" class=\"color-ultramarine c-link\" rel=\"noopener\">Vladimir Poutine<\/a> pour qu\u2019il engage des n\u00e9gociations \u00ab\u00a0de bonne foi\u00a0\u00bb avec l\u2019Ukraine.<\/p>\n<p>\u00ab\u00a0Ces sanctions seraient impos\u00e9es si la <a href=\"https:\/\/www.20minutes.fr\/monde\/russie\/\" target=\"_blank\" class=\"color-ultramarine c-link\" rel=\"noopener\">Russie<\/a> refusait de s\u2019engager dans des n\u00e9gociations s\u00e9rieuses en vue d\u2019une paix durable\u00a0\u00bb, ont d\u00e9clar\u00e9 les s\u00e9nateurs Lindsey Graham (<a href=\"https:\/\/www.20minutes.fr\/monde\/republicains\/\" target=\"_blank\" class=\"color-ultramarine c-link\" rel=\"noopener\">r\u00e9publicain<\/a>) et Richard Blumenthal (<a href=\"https:\/\/www.20minutes.fr\/dossier\/parti_democrate\" target=\"_blank\" class=\"color-ultramarine c-link\" rel=\"noopener\">d\u00e9mocrate<\/a>), coauteurs du projet. En plus de frapper directement Moscou, la proposition inclut \u00e9galement des droits de douane de 500\u00a0% sur les importations provenant de pays continuant \u00e0 acheter des ressources \u00e9nerg\u00e9tiques ou strat\u00e9giques \u00e0 la Russie \u2013 notamment <a href=\"https:\/\/www.20minutes.fr\/dossier\/petrole\" target=\"_blank\" class=\"color-ultramarine c-link\" rel=\"noopener\">p\u00e9trole<\/a>, <a href=\"https:\/\/www.20minutes.fr\/dossier\/gaz\" target=\"_blank\" class=\"color-ultramarine c-link\" rel=\"noopener\">gaz<\/a> et uranium.<\/p>\n<\/p>\n<p>Un avenir incertain pour ce texte<\/p>\n<p>Cet \u00e9lan bipartisan survient deux jours apr\u00e8s un appel t\u00e9l\u00e9phonique entre Vladimir Poutine et <a href=\"https:\/\/www.20minutes.fr\/dossier\/donald_trump\" target=\"_blank\" class=\"color-ultramarine c-link\" rel=\"noopener\">Donald Trump<\/a>, qui n\u2019a pas permis d\u2019avancer vers un cessez-le-feu, contrairement aux attentes de Kiev, de ses alli\u00e9s europ\u00e9ens et de l\u2019actuel pr\u00e9sident am\u00e9ricain. Mais malgr\u00e9 ce large soutien, l\u2019avenir du texte reste incertain. Le chef de la majorit\u00e9 r\u00e9publicaine au S\u00e9nat, John Thune, a indiqu\u00e9 vouloir attendre les directives de la <a href=\"https:\/\/www.20minutes.fr\/dossier\/maison_blanche\" target=\"_blank\" class=\"color-ultramarine c-link\" rel=\"noopener\">Maison-Blanche<\/a> avant de le soumettre au vote.<\/p>\n<p><a href=\"https:\/\/www.20minutes.fr\/monde\/ukraine\/\" target=\"_blank\" class=\"c-link c-btn c-btn--primary\" rel=\"noopener\">Notre dossier sur la guerre en Ukraine<\/a><\/p>\n<p>Dans l\u2019h\u00e9micycle, Lindsey Graham a hauss\u00e9 le ton\u00a0: \u00ab\u00a0C\u2019est la Russie l\u2019agresseur. C\u2019est la Russie qui doit mettre fin \u00e0 ce bain de sang.\u00a0\u00bb S\u2019il a salu\u00e9 les \u00ab\u00a0efforts sinc\u00e8res\u00a0\u00bb de Donald Trump pour rapprocher les deux camps, il a d\u00e9nonc\u00e9 une asym\u00e9trie dans les intentions\u00a0: \u00ab\u00a0Je pense que Volodymyr Zelensky est pr\u00eat \u00e0 faire des concessions pour mettre fin \u00e0 cette guerre. Vladimir Poutine semble vouloir davantage parler qu\u2019agir.\u00a0\u00bb Et de conclure\u00a0: \u00ab\u00a0Il est temps d\u00e9sormais d\u2019accro\u00eetre le co\u00fbt de cette guerre sur Poutine.\u00a0\u00bb<\/p>\n","protected":false},"excerpt":{"rendered":"Alors que les efforts diplomatiques peinent \u00e0 faire \u00e9merger un cessez-le-feu en Ukraine, le S\u00e9nat am\u00e9ricain hausse le&hellip;\n","protected":false},"author":2,"featured_media":118190,"comment_status":"","ping_status":"","sticky":false,"template":"","format":"standard","meta":{"footnotes":""},"categories":[1590],"tags":[47,11,75,73,1777,674,131,74,12,23893,23892,132,10378,1004,23891,220,135],"class_list":{"0":"post-118189","1":"post","2":"type-post","3":"status-publish","4":"format-standard","5":"has-post-thumbnail","7":"category-ukraine","8":"tag-actualite","9":"tag-actualites","10":"tag-donald-trump","11":"tag-etats-unis","12":"tag-eu","13":"tag-europe","14":"tag-guerre-en-ukraine","15":"tag-monde","16":"tag-news","17":"tag-parti-democrate-usa","18":"tag-parti-republicain-usa","19":"tag-russie","20":"tag-sanction","21":"tag-senat","22":"tag-senateur","23":"tag-ukraine","24":"tag-vladimir-poutine"},"share_on_mastodon":{"url":"https:\/\/pubeurope.com\/@fr\/114548763761311283","error":""},"_links":{"self":[{"href":"https:\/\/www.europesays.com\/fr\/wp-json\/wp\/v2\/posts\/118189","targetHints":{"allow":["GET"]}}],"collection":[{"href":"https:\/\/www.europesays.com\/fr\/wp-json\/wp\/v2\/posts"}],"about":[{"href":"https:\/\/www.europesays.com\/fr\/wp-json\/wp\/v2\/types\/post"}],"author":[{"embeddable":true,"href":"https:\/\/www.europesays.com\/fr\/wp-json\/wp\/v2\/users\/2"}],"replies":[{"embeddable":true,"href":"https:\/\/www.europesays.com\/fr\/wp-json\/wp\/v2\/comments?post=118189"}],"version-history":[{"count":0,"href":"https:\/\/www.europesays.com\/fr\/wp-json\/wp\/v2\/posts\/118189\/revisions"}],"wp:featuredmedia":[{"embeddable":true,"href":"https:\/\/www.europesays.com\/fr\/wp-json\/wp\/v2\/media\/118190"}],"wp:attachment":[{"href":"https:\/\/www.europesays.com\/fr\/wp-json\/wp\/v2\/media?parent=118189"}],"wp:term":[{"taxonomy":"category","embeddable":true,"href":"https:\/\/www.europesays.com\/fr\/wp-json\/wp\/v2\/categories?post=118189"},{"taxonomy":"post_tag","embeddable":true,"href":"https:\/\/www.europesays.com\/fr\/wp-json\/wp\/v2\/tags?post=118189"}],"curies":[{"name":"wp","href":"https:\/\/api.w.org\/{rel}","templated":true}]}}