{"id":118195,"date":"2025-05-22T00:58:17","date_gmt":"2025-05-22T00:58:17","guid":{"rendered":"https:\/\/www.europesays.com\/fr\/118195\/"},"modified":"2025-05-22T00:58:17","modified_gmt":"2025-05-22T00:58:17","slug":"allemagne-les-sages-recommandent-a-merz-un-ciblage-precis-du-stimulus-budgetaire-21-05-2025-a-1345","status":"publish","type":"post","link":"https:\/\/www.europesays.com\/fr\/118195\/","title":{"rendered":"Allemagne : les \u00ab\u00a0Sages\u00a0\u00bb recommandent \u00e0 Merz un ciblage pr\u00e9cis du stimulus budg\u00e9taire &#8211; 21\/05\/2025 \u00e0 13:45"},"content":{"rendered":"<p>        <img fetchpriority=\"high\" decoding=\"async\" src=\"https:\/\/www.europesays.com\/fr\/wp-content\/uploads\/2025\/05\/1e28f06ca3a6db71f1a93c91d9a29a3c-760x541.jpg\" alt=\"Le chancelier allemand Friedrich Merz, \u00e0 Berlin, le 21 mai 2025 ( AFP \/ Tobias Schwarz )\" loading=\"eager\" width=\"760\" height=\"541\" style=\"max-width: 100%!important; height: auto;\"\/><\/p>\n<p class=\"c-image-news__legend\">Le chancelier allemand Friedrich Merz, \u00e0 Berlin, le 21 mai 2025 ( AFP \/ Tobias Schwarz )<\/p>\n<p>\n Le Comit\u00e9 des Sages \u00e9conomiques allemands a averti mercredi que le coup de fouet pour l&rsquo;\u00e9conomie du paquet financier exceptionnel adopt\u00e9 par le nouveau gouvernement d\u00e9pendra surtout du ciblage des d\u00e9penses, au risque d&rsquo;\u00eatre gaspill\u00e9.\n<\/p>\n<p>\n \u00ab\u00a0Dans les simulations que nous avons r\u00e9alis\u00e9es, une utilisation (des fonds) orient\u00e9e vers l&rsquo;investissement conduit \u00e0 une croissance \u00e9conomique\u00a0\u00bb sup\u00e9rieure d&rsquo;environ 5 points de pourcentage \u00e0 la fin de la l\u00e9gislature en 2029, a expliqu\u00e9 Achim Truger, membre du comit\u00e9 des sages, lors d&rsquo;une conf\u00e9rence de presse.\n<\/p>\n<p>\n \u00ab\u00a0En revanche, si les fonds sont d\u00e9tourn\u00e9s pour financer des d\u00e9penses de consommation, les effets de croissance s\u2019estompent rapidement et la production \u00e9conomique ne progresse pas au fil des ann\u00e9es\u00a0\u00bb, a-t-il pr\u00e9venu.\n<\/p>\n<p>\n Le groupe de cinq experts, charg\u00e9s de conseiller le gouvernement pour sa politique \u00e9conomique, a remis \u00e0 la mi-journ\u00e9e son rapport au chancelier conservateur Friedrich Merz, qui a affirm\u00e9 la semaine derni\u00e8re que l&rsquo;Allemagne \u00ab\u00a0peut redevenir une locomotive \u00e9conomique que le monde admire\u00a0\u00bb, lors de son premier discours de politique g\u00e9n\u00e9rale au Parlement.\n<\/p>\n<p>\n L&rsquo;enveloppe de plusieurs centaines de milliards d&rsquo;euros d\u00e9cid\u00e9e par l&rsquo;Union conservatrice CDU\/CSU et les sociaux-d\u00e9mocrates (SPD), qui ont form\u00e9 une coalition, vise \u00e0 augmenter les d\u00e9penses de d\u00e9fense et \u00e0 moderniser les infrastructures v\u00e9tustes en assouplissant consid\u00e9rablement les r\u00e8gles d&rsquo;endettement jusqu&rsquo;ici tr\u00e8s strictes du pays.\n<\/p>\n<p>\n Les Verts ont aussi vot\u00e9 de dispositif, bien que dans l&rsquo;opposition, en exigeant que cette dette serve uniquement \u00e0 financer des investissements suppl\u00e9mentaires, pour \u00e9viter des marges budg\u00e9taires utilis\u00e9es \u00e0 des fins de cadeaux \u00e9lectoraux, comme la retraite des m\u00e8res (\u00ab\u00a0M\u00fctterrente\u00a0\u00bb) ou les subventions au diesel agricole.\n<\/p>\n<p>\n Les cinq experts craignent cependant que ces garde-fous soient insuffisants : \u00ab\u00a0les mesures prises jusqu&rsquo;ici ne suffisent pas \u00e0 emp\u00eacher que des investissements pr\u00e9vus soient simplement report\u00e9s hors du budget principal, les fonds ainsi lib\u00e9r\u00e9s \u00e9tant utilis\u00e9s pour la consommation\u00a0\u00bb, \u00e0 l&rsquo;impact \u00e9conomique bien plus faible, a pr\u00e9venu Ulrike Malmendier, du comit\u00e9 des Sages.\n<\/p>\n<p>\n Pour soutenir le potentiel de croissance, ils appellent par ailleurs \u00e0 engager des r\u00e9formes structurelles &#8211; \u00e9ducation, intelligence artificielle, immigration de travail, march\u00e9s de capitaux &#8211; tout en simplifiant le fardeau administratif, l&rsquo;\u00e9conomie allemande souffrant d&rsquo;une stagnation prolong\u00e9e et de faibles perspectives d\u00e9mographiques.\n<\/p>\n<p>\n A cause de la politique douani\u00e8re de Donald Trump qui accro\u00eet l&rsquo;incertitude et menace la croissance \u00e9conomique mondiale, l&rsquo;Allemagne devrait conna\u00eetre une croissance nulle en 2025, estiment les Sages, comme d&rsquo;autres organisations \u00e9conomiques auparavant.\n<\/p>\n<p>\n Le paquet financier vot\u00e9 cet hiver laisse toutefois entrevoir un retour de la croissance en 2026 \u00e0 hauteur d&rsquo;1,0%, selon les Sages.<\/p>\n","protected":false},"excerpt":{"rendered":"Le chancelier allemand Friedrich Merz, \u00e0 Berlin, le 21 mai 2025 ( AFP \/ Tobias Schwarz ) Le&hellip;\n","protected":false},"author":2,"featured_media":118196,"comment_status":"","ping_status":"","sticky":false,"template":"","format":"standard","meta":{"footnotes":""},"categories":[1587],"tags":[400,11,672,398,408,1804,405,1805,1803,1777,674,1801,403,402,399,404,12,1802,401,406,407],"class_list":{"0":"post-118195","1":"post","2":"type-post","3":"status-publish","4":"format-standard","5":"has-post-thumbnail","7":"category-allemagne","8":"tag-action-cac-40","9":"tag-actualites","10":"tag-allemagne","11":"tag-bourse-de-paris","12":"tag-boursorama","13":"tag-bundesrepublik-deutschland","14":"tag-cotations","15":"tag-de","16":"tag-deutschland","17":"tag-eu","18":"tag-europe","19":"tag-germany","20":"tag-indices-devises","21":"tag-investir","22":"tag-investissement","23":"tag-marche-boursier","24":"tag-news","25":"tag-republique-federale-dallemagne","26":"tag-sicav","27":"tag-trackers","28":"tag-warrants"},"share_on_mastodon":{"url":"https:\/\/pubeurope.com\/@fr\/114548775908810710","error":""},"_links":{"self":[{"href":"https:\/\/www.europesays.com\/fr\/wp-json\/wp\/v2\/posts\/118195","targetHints":{"allow":["GET"]}}],"collection":[{"href":"https:\/\/www.europesays.com\/fr\/wp-json\/wp\/v2\/posts"}],"about":[{"href":"https:\/\/www.europesays.com\/fr\/wp-json\/wp\/v2\/types\/post"}],"author":[{"embeddable":true,"href":"https:\/\/www.europesays.com\/fr\/wp-json\/wp\/v2\/users\/2"}],"replies":[{"embeddable":true,"href":"https:\/\/www.europesays.com\/fr\/wp-json\/wp\/v2\/comments?post=118195"}],"version-history":[{"count":0,"href":"https:\/\/www.europesays.com\/fr\/wp-json\/wp\/v2\/posts\/118195\/revisions"}],"wp:featuredmedia":[{"embeddable":true,"href":"https:\/\/www.europesays.com\/fr\/wp-json\/wp\/v2\/media\/118196"}],"wp:attachment":[{"href":"https:\/\/www.europesays.com\/fr\/wp-json\/wp\/v2\/media?parent=118195"}],"wp:term":[{"taxonomy":"category","embeddable":true,"href":"https:\/\/www.europesays.com\/fr\/wp-json\/wp\/v2\/categories?post=118195"},{"taxonomy":"post_tag","embeddable":true,"href":"https:\/\/www.europesays.com\/fr\/wp-json\/wp\/v2\/tags?post=118195"}],"curies":[{"name":"wp","href":"https:\/\/api.w.org\/{rel}","templated":true}]}}