{"id":118207,"date":"2025-05-22T01:05:08","date_gmt":"2025-05-22T01:05:08","guid":{"rendered":"https:\/\/www.europesays.com\/fr\/118207\/"},"modified":"2025-05-22T01:05:08","modified_gmt":"2025-05-22T01:05:08","slug":"malgre-une-saison-exceptionnelle-le-club-du-pays-daix-venelles-pourrait-disparaitre","status":"publish","type":"post","link":"https:\/\/www.europesays.com\/fr\/118207\/","title":{"rendered":"malgr\u00e9 une saison exceptionnelle, le club du Pays d\u2019Aix Venelles pourrait dispara\u00eetre"},"content":{"rendered":"<p>Et si le Pays d\u2019Aix Venelles \u00e9tait ray\u00e9 de la carte du volley professionnel f\u00e9minin d\u00e8s cet \u00e9t\u00e9\u00a0? La question semblait inconcevable apr\u00e8s <a href=\"https:\/\/www.laprovence.com\/article\/sports\/4984335700169414\/volley-ligue-a-feminine-le-reve-brise-de-venelles-elimine-en-demi-finales-apres-une-saison-exceptionnelle\" target=\"_blank\" rel=\"noopener\">une saison sportive historique<\/a> en Ligue A F\u00e9minine avec une deuxi\u00e8me place en phase r\u00e9guli\u00e8re, une demi-finale perdue en play-offs et en <a href=\"https:\/\/www.laprovence.com\/article\/sports\/72936467482539\/volley-coupe-de-france-la-deception-pour-aix-venelles-battu-en-demi-finale-par-nantes\" target=\"_blank\" rel=\"noopener\">coupe de France face aux Nantaises.<\/a> Et pourtant\u00a0! C\u2019est bien en coulisses que l\u2019avenir du club va se d\u00e9cider dans les prochaines semaines. Parce que le club du pr\u00e9sident Alexandre Hubner pourrait se diriger tout droit vers une terrible catastrophe, avec au pire une disparition totale. Si en interne, c\u2019est silence radio et que tout le monde travaille pour trouver rapidement des solutions, les nouvelles ne sont pas bonnes de toute part. D\u00e9j\u00e0, d\u2019apr\u00e8s nos informations, le PAVVB devrait, dans quelques jours, se voir notifier <a href=\"https:\/\/www.laprovence.com\/article\/sports\/12717543849770\/volley-ligue-feminine-coup-de-tonnerre-le-pays-daix-venelles-vb-retrograde\" target=\"_blank\" rel=\"noopener\">une rel\u00e9gation en division inf\u00e9rieure<\/a> (Elite) par la commission d\u2019aide et de contr\u00f4le des clubs professionnels (CACCP).\u00a0Comme la saison pass\u00e9e d\u2019ailleurs.<\/p>\n","protected":false},"excerpt":{"rendered":"Et si le Pays d\u2019Aix Venelles \u00e9tait ray\u00e9 de la carte du volley professionnel f\u00e9minin d\u00e8s cet \u00e9t\u00e9\u00a0?&hellip;\n","protected":false},"author":2,"featured_media":118208,"comment_status":"","ping_status":"","sticky":false,"template":"","format":"standard","meta":{"footnotes":""},"categories":[1417],"tags":[17,5244,14925,1011,27,9085,5457,3242,60,96,1470,1469],"class_list":{"0":"post-118207","1":"post","2":"type-post","3":"status-publish","4":"format-standard","5":"has-post-thumbnail","7":"category-volley","8":"tag-17","9":"tag-club","10":"tag-exceptionnelle","11":"tag-fr","12":"tag-france","13":"tag-malgre","14":"tag-pays","15":"tag-saison","16":"tag-sports","17":"tag-une","18":"tag-volley","19":"tag-volleyball"},"share_on_mastodon":{"url":"https:\/\/pubeurope.com\/@fr\/114548803106608759","error":""},"_links":{"self":[{"href":"https:\/\/www.europesays.com\/fr\/wp-json\/wp\/v2\/posts\/118207","targetHints":{"allow":["GET"]}}],"collection":[{"href":"https:\/\/www.europesays.com\/fr\/wp-json\/wp\/v2\/posts"}],"about":[{"href":"https:\/\/www.europesays.com\/fr\/wp-json\/wp\/v2\/types\/post"}],"author":[{"embeddable":true,"href":"https:\/\/www.europesays.com\/fr\/wp-json\/wp\/v2\/users\/2"}],"replies":[{"embeddable":true,"href":"https:\/\/www.europesays.com\/fr\/wp-json\/wp\/v2\/comments?post=118207"}],"version-history":[{"count":0,"href":"https:\/\/www.europesays.com\/fr\/wp-json\/wp\/v2\/posts\/118207\/revisions"}],"wp:featuredmedia":[{"embeddable":true,"href":"https:\/\/www.europesays.com\/fr\/wp-json\/wp\/v2\/media\/118208"}],"wp:attachment":[{"href":"https:\/\/www.europesays.com\/fr\/wp-json\/wp\/v2\/media?parent=118207"}],"wp:term":[{"taxonomy":"category","embeddable":true,"href":"https:\/\/www.europesays.com\/fr\/wp-json\/wp\/v2\/categories?post=118207"},{"taxonomy":"post_tag","embeddable":true,"href":"https:\/\/www.europesays.com\/fr\/wp-json\/wp\/v2\/tags?post=118207"}],"curies":[{"name":"wp","href":"https:\/\/api.w.org\/{rel}","templated":true}]}}