{"id":118217,"date":"2025-05-22T01:11:08","date_gmt":"2025-05-22T01:11:08","guid":{"rendered":"https:\/\/www.europesays.com\/fr\/118217\/"},"modified":"2025-05-22T01:11:08","modified_gmt":"2025-05-22T01:11:08","slug":"giro-tour-ditalie-david-gaudu-la-defaillance-il-est-sous-traitement-antibio","status":"publish","type":"post","link":"https:\/\/www.europesays.com\/fr\/118217\/","title":{"rendered":"Giro. Tour d&rsquo;Italie &#8211; David Gaudu, la d\u00e9faillance : \u00abIl est sous traitement antibio&#8230;\u00bb"},"content":{"rendered":"<p><strong><a href=\"https:\/\/www.cyclismactu.net\/..\/news-route-david-gaudu-fidele-groupama-fdj-mon-histoire-ici-n-est-pas-finie-87948.html\" target=\"_blank\" rel=\"nofollow noopener\">David Gaudu<\/a><\/strong> a donc fini par totalement explos\u00e9 ce mercredi 21 mai&#8230; Si la premi\u00e8re partie du <strong><a href=\"https:\/\/www.cyclismactu.net\/..\/news-giro-route-tour-d-italie-richard-carapaz-11e-etape-en-costaud-david-gaudu-a-craque-87972.html\" target=\"_blank\" rel=\"nofollow noopener\">Tour d&rsquo;Italie<\/a><\/strong> n&rsquo;avait certes pas \u00e9t\u00e9 un long fleuve tranquille, avec son lot de bonnes et de mauvaises journ\u00e9es et notamment cette chute sur la 7e \u00e9tape et sa blessure \u00e0 la main, le leader de la <strong>Groupama-FDJ<\/strong>\u00a0occupait avant le d\u00e9part de cette 11e \u00e9tape la 26e place au classement g\u00e9n\u00e9ral, \u00e0 7 minutes du maillot Rose. Autant dire qu&rsquo;avec une mont\u00e9e en puissance esp\u00e9r\u00e9e et une potentielle \u00e9chapp\u00e9e victorieuse en ligne de mire, le Breton restait encore dans le jeu pour pouvoir esp\u00e9rer faire une belle remont\u00e9e sur cette fin de <strong>Giro<\/strong>. Mais tous les espoirs se sont finalement envol\u00e9s \u00e0 plus de 100 km de l&rsquo;arriv\u00e9e, d\u00e8s le pied du plus gros col de la journ\u00e9e, le terrible\u00a0Alpe San Pellegrino. Parmi les premiers l\u00e2ch\u00e9s, le grimpeur fran\u00e7ais n&rsquo;a pas longtemps fait illusion et a rapidement disparu des radars. Terminant finalement au sein du gruppetto \u00e0 plus de 27 minutes du vainqueur <strong>Richard Carapaz<\/strong>, Gaudu a d\u00e9sormais recul\u00e9 en 45e position \u00e0 plus de 30 minutes de <strong>Del Toro<\/strong>&#8230; <\/p>\n<p>Vid\u00e9o &#8211; David Gaudu a tout perdu lors de cette 11e \u00e9tape Lire la suite de l&rsquo;article&#13;<\/p>\n<p>\u00a0<\/p>\n<p>&#13;<br \/>\n\u00ab\u00a0L&rsquo;abandon ? Pour l&rsquo;instant on n&rsquo;en est pas l\u00e0, il faut prendre une d\u00e9cision raisonn\u00e9e et raisonnable\u00a0\u00bb&#13;<\/p>\n<p>Si l&rsquo;ambition du g\u00e9n\u00e9ral n&rsquo;est d\u00e9sormais plus qu&rsquo;une chim\u00e8re, reste \u00e9galement \u00e0 conna\u00eetre les raisons de cette d\u00e9faillance, et s&rsquo;il\u00a0sera en capacit\u00e9 de remonter la pente pour jouer une victoire d&rsquo;\u00e9tape en derni\u00e8re semaine et ainsi \u00e9viter le fiasco italien qui s&rsquo;annonce pour le moment. Si <strong>David Gaudu<\/strong> ne s&rsquo;est sans surprise pas exprim\u00e9 apr\u00e8s l&rsquo;arriv\u00e9e, son directeur sportif\u00a0<strong>St\u00e9phane Goubert<\/strong> a livr\u00e9s quelques informations au micro d&rsquo;<a href=\"https:\/\/www.eurosport.fr\/cyclisme\/giro\/2025\/giro-11e-etape-stephane-goubert-sur-la-suite-du-giro-de-gaudu-on-va-prendre-une-decision-raisonnee-et-raisonnable_vid60007395\/video.shtml\" target=\"_blank\" rel=\"nofollow noopener\">Eurosport<\/a>, devant le bus de la formation fran\u00e7aise. \u00ab\u00a0Il est bien s\u00fbr d\u00e9\u00e7u.\u00a0En plus du contexte que l\u2019on conna\u00eet, d\u2019une pr\u00e9paration tronqu\u00e9e, les cons\u00e9quences de sa blessure \u00e0 la main ont \u00e9t\u00e9 un peu plus importantes que ce qu\u2019on n\u2019imaginait. Il a eu beaucoup d&rsquo;\u00e9motion entre la chute, les chemins&#8230;\u00a0Il est sous traitement antibiotique, et l\u2019organisme n\u2019a pas bien r\u00e9agi \u00e0 tout \u00e7a aujourd\u2019hui. Il a essay\u00e9 de se mettre dans le match, mais quand les pentes sont arriv\u00e9es, les sensations du d\u00e9part se sont confirm\u00e9es. Ces journ\u00e9es existent, et il faut les accepter\u00a0\u00bb, explique l&rsquo;ancien coureur. Un abandon est-il possible au vu de son \u00e9tat de forme ? \u00ab\u00a0On n&rsquo;en est pas l\u00e0, il faut faire le point. Il faut prendre une d\u00e9cision raisonn\u00e9e et raisonnable, \u00e0 froid surtout\u00a0\u00bb, a-t-il conclu.<\/p>\n<p>Tour d&rsquo;Italie &#8211; Classement de la 11\u00e8 \u00e9tape Tour d&rsquo;Italie &#8211; Classement g\u00e9n\u00e9ral provisoire apr\u00e8s la 11\u00e8 \u00e9tape<\/p>\n","protected":false},"excerpt":{"rendered":"David Gaudu a donc fini par totalement explos\u00e9 ce mercredi 21 mai&#8230; Si la premi\u00e8re partie du Tour&hellip;\n","protected":false},"author":2,"featured_media":118218,"comment_status":"","ping_status":"","sticky":false,"template":"","format":"standard","meta":{"footnotes":""},"categories":[1411],"tags":[1154,207,1011,27,209,60,3318,208],"class_list":{"0":"post-118217","1":"post","2":"type-post","3":"status-publish","4":"format-standard","5":"has-post-thumbnail","7":"category-cyclisme","8":"tag-cycling","9":"tag-cyclisme","10":"tag-fr","11":"tag-france","12":"tag-route","13":"tag-sports","14":"tag-tour-d","15":"tag-velo"},"share_on_mastodon":{"url":"https:\/\/pubeurope.com\/@fr\/114548826634943708","error":""},"_links":{"self":[{"href":"https:\/\/www.europesays.com\/fr\/wp-json\/wp\/v2\/posts\/118217","targetHints":{"allow":["GET"]}}],"collection":[{"href":"https:\/\/www.europesays.com\/fr\/wp-json\/wp\/v2\/posts"}],"about":[{"href":"https:\/\/www.europesays.com\/fr\/wp-json\/wp\/v2\/types\/post"}],"author":[{"embeddable":true,"href":"https:\/\/www.europesays.com\/fr\/wp-json\/wp\/v2\/users\/2"}],"replies":[{"embeddable":true,"href":"https:\/\/www.europesays.com\/fr\/wp-json\/wp\/v2\/comments?post=118217"}],"version-history":[{"count":0,"href":"https:\/\/www.europesays.com\/fr\/wp-json\/wp\/v2\/posts\/118217\/revisions"}],"wp:featuredmedia":[{"embeddable":true,"href":"https:\/\/www.europesays.com\/fr\/wp-json\/wp\/v2\/media\/118218"}],"wp:attachment":[{"href":"https:\/\/www.europesays.com\/fr\/wp-json\/wp\/v2\/media?parent=118217"}],"wp:term":[{"taxonomy":"category","embeddable":true,"href":"https:\/\/www.europesays.com\/fr\/wp-json\/wp\/v2\/categories?post=118217"},{"taxonomy":"post_tag","embeddable":true,"href":"https:\/\/www.europesays.com\/fr\/wp-json\/wp\/v2\/tags?post=118217"}],"curies":[{"name":"wp","href":"https:\/\/api.w.org\/{rel}","templated":true}]}}