{"id":118221,"date":"2025-05-22T01:13:07","date_gmt":"2025-05-22T01:13:07","guid":{"rendered":"https:\/\/www.europesays.com\/fr\/118221\/"},"modified":"2025-05-22T01:13:07","modified_gmt":"2025-05-22T01:13:07","slug":"harry-et-meghan-les-sussex-essuient-un-nouveau-coup-dur-tandis-que-kate-et-william-sont-mis-a-lhonneur","status":"publish","type":"post","link":"https:\/\/www.europesays.com\/fr\/118221\/","title":{"rendered":"Harry et Meghan : les Sussex essuient un nouveau coup dur\u2026 tandis que Kate et William sont mis \u00e0 l\u2019honneur"},"content":{"rendered":"<p>En ce moment, la popularit\u00e9 de <strong>Harry et Meghan<br \/>\nMarkle<\/strong> n\u2019est pas au beau fixe. Ils sont chacun de leurs<br \/>\nc\u00f4t\u00e9s au c\u0153ur de scandales. Alors qu\u2019ils viennent de c\u00e9l\u00e9brer leurs<br \/>\n<a href=\"https:\/\/www.closermag.fr\/royautes\/meghan-et-harry-7e-anniversaire-de-mariage-pour-les-sussex-et-cest-peut-etre-le-dernier-3546746\" target=\"_blank\" rel=\"noopener\"><br \/>\nsept ans de mariage<\/a>, Harry n\u2019est toujours <strong>pas<br \/>\nr\u00e9concili\u00e9 avec son p\u00e8re.<\/strong> De son c\u00f4t\u00e9, Meghan Markle a<br \/>\nessuy\u00e9 un flop avec sa nouvelle confiture.<\/p>\n<p>Mais le couple vient de faire face \u00e0 un nouveau coup dur,<br \/>\npendant que <a href=\"https:\/\/www.closermag.fr\/royautes\/kate-et-william-cette-decision-de-charles-iii-a-leur-egard-qui-interroge-3546324\" target=\"_blank\" rel=\"noopener\"><br \/>\nKate et William<\/a> sont eux sur le devant de la sc\u00e8ne. Une<br \/>\nnouvelle qui risque de ne pas vraiment leur plaire.<\/p>\n<p>Nouveau flop pour le prince Harry et Meghan Markle<\/p>\n<p>Ca y\u2019est ! <strong>Le nouveau classement du Time est<br \/>\nsorti.<\/strong> Le c\u00e9l\u00e8bre magazine a r\u00e9cemment d\u00e9voil\u00e9 s<strong>a<br \/>\nliste des 100 personnes les plus influentes dans le monde.<\/strong><br \/>\nEt contre toute attente, <a href=\"https:\/\/www.closermag.fr\/royautes\/meghan-markle-cette-nouvelle-lubie-de-la-duchesse-quharry-detesterait-3547237\" target=\"_blank\" rel=\"noopener\"><br \/>\nHarry et Meghan Markle<\/a> ne sont <strong>pas cit\u00e9s<\/strong>.<br \/>\nApr\u00e8s avoir figur\u00e9 dans le classement en 2018, puis en 2021, c\u2019est<br \/>\nencore une ann\u00e9e \u201csans\u201d pour le duc et la duchesse de Sussex.<br \/>\nD\u2019autant plus qu\u2019il y a quatre ans, il avait m\u00eame fait la une du<br \/>\nmagazine.<\/p>\n<p>Une couverture qui avait \u00e9t\u00e9 vivement critiqu\u00e9e et qui leur<br \/>\navait valu de nombreuses moqueries. Les internautes pensaient que<br \/>\nl\u2019image \u00e9tait retouch\u00e9e. Certains avaient m\u00eame tir\u00e9 des conclusions<br \/>\nsur le rapport de force entre Meghan et Harry \u00ab\u00a0Waouh, cette<br \/>\nphoto en dit long. Impossible de cacher qui a le contr\u00f4le\u201d,<br \/>\npouvait-on lire en commentaire. Cette ann\u00e9e, ils ne risquent donc<br \/>\npas de faire de nouveaux faces \u00e0 ce genre de critiques, puisque<br \/>\nleurs noms n\u00a0\u00bbapparaissent tout simplement pas dans le Times.<\/p>\n<p>Kate et William salu\u00e9s par le<br \/>\nTimes<\/p>\n<p>Cependant, un autre couple royal fait quant \u00e0 lui bel et bien<br \/>\npartie de ce classement. En effet, <strong>Kate et William figurent<br \/>\ntous les deux dans cette liste prestigieuse.<\/strong> Le magazine<br \/>\nles f\u00e9licite suite \u00e0 leurs efforts contre la lutte pour les<br \/>\nsans-abris et leurs actions pour le d\u00e9veloppement de la petite<br \/>\nenfance, par le biais de la Royal Foundation.<\/p>\n<p>De plus, le prince William a \u00e9galement re\u00e7u <strong>le prix<br \/>\nEarth Shot<\/strong>, qui r\u00e9compense chaque ann\u00e9e cinq entreprises<br \/>\nqui contribuent activement \u00e0 la lutte contre le changement<br \/>\nclimatique. Cela a \u00e9galement \u00e9t\u00e9 soulign\u00e9 par le Times : \u201cLe<br \/>\nprince William et Catherine, princesse de Galles, sont moins<br \/>\npr\u00e9occup\u00e9s par la pr\u00e9servation culturelle et plus attentifs aux<br \/>\nquestions sociales\u201d.<\/p>\n","protected":false},"excerpt":{"rendered":"En ce moment, la popularit\u00e9 de Harry et Meghan Markle n\u2019est pas au beau fixe. Ils sont chacun&hellip;\n","protected":false},"author":2,"featured_media":118222,"comment_status":"","ping_status":"","sticky":false,"template":"","format":"standard","meta":{"footnotes":""},"categories":[1359],"tags":[548,58,59,1011,27,23894,973],"class_list":{"0":"post-118221","1":"post","2":"type-post","3":"status-publish","4":"format-standard","5":"has-post-thumbnail","7":"category-people","8":"tag-article-simple","9":"tag-divertissement","10":"tag-entertainment","11":"tag-fr","12":"tag-france","13":"tag-le-prince-harry-et-meghan-markle","14":"tag-people"},"share_on_mastodon":{"url":"https:\/\/pubeurope.com\/@fr\/114548834473389727","error":""},"_links":{"self":[{"href":"https:\/\/www.europesays.com\/fr\/wp-json\/wp\/v2\/posts\/118221","targetHints":{"allow":["GET"]}}],"collection":[{"href":"https:\/\/www.europesays.com\/fr\/wp-json\/wp\/v2\/posts"}],"about":[{"href":"https:\/\/www.europesays.com\/fr\/wp-json\/wp\/v2\/types\/post"}],"author":[{"embeddable":true,"href":"https:\/\/www.europesays.com\/fr\/wp-json\/wp\/v2\/users\/2"}],"replies":[{"embeddable":true,"href":"https:\/\/www.europesays.com\/fr\/wp-json\/wp\/v2\/comments?post=118221"}],"version-history":[{"count":0,"href":"https:\/\/www.europesays.com\/fr\/wp-json\/wp\/v2\/posts\/118221\/revisions"}],"wp:featuredmedia":[{"embeddable":true,"href":"https:\/\/www.europesays.com\/fr\/wp-json\/wp\/v2\/media\/118222"}],"wp:attachment":[{"href":"https:\/\/www.europesays.com\/fr\/wp-json\/wp\/v2\/media?parent=118221"}],"wp:term":[{"taxonomy":"category","embeddable":true,"href":"https:\/\/www.europesays.com\/fr\/wp-json\/wp\/v2\/categories?post=118221"},{"taxonomy":"post_tag","embeddable":true,"href":"https:\/\/www.europesays.com\/fr\/wp-json\/wp\/v2\/tags?post=118221"}],"curies":[{"name":"wp","href":"https:\/\/api.w.org\/{rel}","templated":true}]}}