{"id":118225,"date":"2025-05-22T01:16:12","date_gmt":"2025-05-22T01:16:12","guid":{"rendered":"https:\/\/www.europesays.com\/fr\/118225\/"},"modified":"2025-05-22T01:16:12","modified_gmt":"2025-05-22T01:16:12","slug":"qui-a-ete-elimine-dans-lepisode-du-mercredi-21-mai-et-qui-a-ete-sauve-dans-les-brigades-cachees","status":"publish","type":"post","link":"https:\/\/www.europesays.com\/fr\/118225\/","title":{"rendered":"Qui a \u00e9t\u00e9 \u00e9limin\u00e9 dans l&rsquo;\u00e9pisode du mercredi 21 mai et qui a \u00e9t\u00e9 sauv\u00e9 dans Les Brigades cach\u00e9es ?"},"content":{"rendered":"<p>M6 diffusait ce mercredi 21 mai le neuvi\u00e8me \u00e9pisode de Top Chef 2025. Et cette semaine, la guerre des restos faisait son grand retour, avec une petite surprise pour les cuisiniers. Vous n&rsquo;avez pas pu regarder l&rsquo;\u00e9pisode ? T\u00e9l\u00e9-Loisirs vous r\u00e9sume toute votre soir\u00e9e !<\/p>\n<p>Au cours de cette soir\u00e9e du mercredi 21\u00a0mai, M6 diffusait un \u00e9pisode in\u00e9dit de <a href=\"https:\/\/www.programme-tv.net\/news\/tv\/365451-top-chef-2025-jury-tournage-pas-d-objectif-top-chef-les-premieres-infos-de-la-saison-16\/\" data-api-deeplink=\"teleloisirs:\/\/news\/365451\" target=\"_blank\" rel=\"noopener\">Top Chef 2025<\/a>. La semaine derni\u00e8re, <a href=\"https:\/\/www.programme-tv.net\/news\/tv\/378886-philippine-jaillet-eliminee-de-top-chef-2025-j-ai-noue-des-liens-tres-forts-avec-helene-darroze\/\" data-api-deeplink=\"teleloisirs:\/\/news\/378886\" target=\"_blank\" rel=\"noopener\">c&rsquo;est Philippine qui fermait d\u00e9finitivement les portes des cuisines<\/a>. La jeune femme qui voulait surprendre son ch\u00e9ri en revenant dans l&rsquo;aventure s&rsquo;est vue barrer la route par Ilane et Gr\u00e9goire dans <a href=\"https:\/\/www.programme-tv.net\/news\/tv\/378669-top-chef-2025-qui-a-ete-elimine-dans-l-episode-du-mercredi-14-mai-et-qui-a-ete-sauve-dans-les-brigades-cachees\/\" data-api-deeplink=\"teleloisirs:\/\/news\/378669\" target=\"_blank\" rel=\"noopener\">Les Brigades cach\u00e9es<\/a>. Mais ce soir, <b>c&rsquo;\u00e9tait le grand retour de la guerre des restos, avec cette ann\u00e9e, une petite surprise pour les participants\u00a0! <\/b>Vous avez rat\u00e9 votre \u00e9pisode\u00a0? Vous n&rsquo;avez pas r\u00e9ussi \u00e0 rester \u00e9veill\u00e9 jusqu&rsquo;\u00e0 la fin\u00a0? T\u00e9l\u00e9-Loisirs vous r\u00e9sume tous les moments forts de l&rsquo;\u00e9mission.<\/p>\n<p>\u00ab\u00a0Vous allez avoir des adversaires de tailles\u00a0!\u00a0\u00bb\u00a0: St\u00e9phane Rotenberg r\u00e9serve un beau cadeau aux candidats de Top Chef 2025<\/p>\n<p>Cette ann\u00e9e, les cuisiniers de Top Chef 2025 ne sont pas au bout de leurs surprises\u00a0! C&rsquo;est le moment tant attendu de la guerre des restos. Et pour cette nouvelle saison, comme le dit St\u00e9phane Rotenberg \u00ab\u00a0vous allez avoir des adversaires de tailles\u00a0!\u00a0\u00bb.<a href=\"https:\/\/www.programme-tv.net\/news\/tv\/378656-pourquoi-mallory-gabsi-nest-plus-dans-cauchemar-en-cuisine-on-a-la-reponse\/\" data-api-deeplink=\"teleloisirs:\/\/news\/378656\" target=\"_blank\" rel=\"noopener\"> \u00c0 l&rsquo;affiche, Mallory Gabsi, Norbert Tarayre et Matthias Marc. <\/a>Les brigades qui les affronteront sont celle de Charles, Charlie et Quentin, contre celle de Margaux, Claudio et Esteban. La premi\u00e8re \u00e9quipe est partie sur le th\u00e8me de la mafia en cr\u00e9ant le restaurant La Planque. Les anciens de l&rsquo;\u00e9mission, eux, partent sur un relais de chasse qu&rsquo;ils appellent Pan Pan. Et Margaux, Esteban et Claudio ont mont\u00e9 le restaurant Euphoria. <b>Sur les trois propositions, il n&rsquo;y a que La Planque et Pan Pan qui ont pu ouvrir leurs portes.<\/b> Apr\u00e8s le service, le vote des convives a \u00e9t\u00e9 d\u00e9voil\u00e9 et ce sont les trois chefs \u00e9toil\u00e9s Mallory, Norbert et Matthias qui ont remport\u00e9 la guerre des restos, et ont donc envoy\u00e9 les candidats en \u00e9preuve \u00e9liminatoire.<\/p>\n<p>                        \u00ab\u00a0Qu&rsquo;est-ce que tu fais l\u00e0\u00a0?\u00a0\u00bb\u00a0: \u00c9ric Fr\u00e9chon ne s&rsquo;attendait pas \u00e0 la pr\u00e9sence de ce candidat dans Les Brigades Cach\u00e9es<\/p>\n<p>Margaux, Esteban, Claudio, Charles et Quentin se retrouvent donc en \u00e9preuve \u00e9liminatoire. Lors de cette derni\u00e8re, ils ont d\u00fb concocter des entr\u00e9es froides, avec des aliments qui leur ont \u00e9t\u00e9 impos\u00e9s. C&rsquo;est Claudio qui a quitt\u00e9 l&rsquo;aventure Top Chef 2025. Suite \u00e0 cela, il rejoint donc le concours parall\u00e8le des Brigades Cach\u00e9es o\u00f9 il va devoir se battre contre Gr\u00e9goire et Ilane s&rsquo;il veut une chance de r\u00e9int\u00e9grer le concours. \u00c0 son arriv\u00e9e, ce n&rsquo;est pas Gr\u00e9goire, qui le conna\u00eet d\u00e9j\u00e0, qui est surpris, mais bien <b>\u00c9ric Fr\u00e9chon, qui lui adresse un <\/b><b>\u00ab\u00a0Qu&rsquo;est-ce que tu fais l\u00e0\u00a0?\u00a0\u00bb<\/b>. L&rsquo;ex membre de la brigade bleue a travaill\u00e9 au c\u00f4t\u00e9 du chef durant six ans. \u00c0 la fin de l&rsquo;\u00e9preuve, la d\u00e9gustation qui se passait plut\u00f4t bien pour Claudio tourne au drame quand les chefs remarquent que le feuilletage de son mille-feuille est trop cuit. Il est donc d\u00e9finitivement \u00e9limin\u00e9. Ilane et Gr\u00e9goire sont alors qualifi\u00e9s pour la finale des Brigades Cach\u00e9es.<\/p>\n","protected":false},"excerpt":{"rendered":"M6 diffusait ce mercredi 21 mai le neuvi\u00e8me \u00e9pisode de Top Chef 2025. Et cette semaine, la guerre&hellip;\n","protected":false},"author":2,"featured_media":118226,"comment_status":"","ping_status":"","sticky":false,"template":"","format":"standard","meta":{"footnotes":""},"categories":[1356],"tags":[23895,23896,23897,244,58,59,1011,27,16553,16552,494,19166,23898,252,492,1364],"class_list":{"0":"post-118225","1":"post","2":"type-post","3":"status-publish","4":"format-standard","5":"has-post-thumbnail","7":"category-television","8":"tag-charles-neyers-top-chef-16","9":"tag-charlie-anne-top-chef-16","10":"tag-claudio-semedo-borges-top-chef-16","11":"tag-commentaire","12":"tag-divertissement","13":"tag-entertainment","14":"tag-fr","15":"tag-france","16":"tag-gru00e9goire-touchard-top-chef-16","17":"tag-ilane-tinchant-top-chef-16","18":"tag-m6","19":"tag-quentin-mauro-top-chef-16","20":"tag-stu00e9phane-rotenberg","21":"tag-television","22":"tag-top-chef","23":"tag-tv"},"share_on_mastodon":{"url":"https:\/\/pubeurope.com\/@fr\/114548846358538615","error":""},"_links":{"self":[{"href":"https:\/\/www.europesays.com\/fr\/wp-json\/wp\/v2\/posts\/118225","targetHints":{"allow":["GET"]}}],"collection":[{"href":"https:\/\/www.europesays.com\/fr\/wp-json\/wp\/v2\/posts"}],"about":[{"href":"https:\/\/www.europesays.com\/fr\/wp-json\/wp\/v2\/types\/post"}],"author":[{"embeddable":true,"href":"https:\/\/www.europesays.com\/fr\/wp-json\/wp\/v2\/users\/2"}],"replies":[{"embeddable":true,"href":"https:\/\/www.europesays.com\/fr\/wp-json\/wp\/v2\/comments?post=118225"}],"version-history":[{"count":0,"href":"https:\/\/www.europesays.com\/fr\/wp-json\/wp\/v2\/posts\/118225\/revisions"}],"wp:featuredmedia":[{"embeddable":true,"href":"https:\/\/www.europesays.com\/fr\/wp-json\/wp\/v2\/media\/118226"}],"wp:attachment":[{"href":"https:\/\/www.europesays.com\/fr\/wp-json\/wp\/v2\/media?parent=118225"}],"wp:term":[{"taxonomy":"category","embeddable":true,"href":"https:\/\/www.europesays.com\/fr\/wp-json\/wp\/v2\/categories?post=118225"},{"taxonomy":"post_tag","embeddable":true,"href":"https:\/\/www.europesays.com\/fr\/wp-json\/wp\/v2\/tags?post=118225"}],"curies":[{"name":"wp","href":"https:\/\/api.w.org\/{rel}","templated":true}]}}