{"id":118245,"date":"2025-05-22T01:27:10","date_gmt":"2025-05-22T01:27:10","guid":{"rendered":"https:\/\/www.europesays.com\/fr\/118245\/"},"modified":"2025-05-22T01:27:10","modified_gmt":"2025-05-22T01:27:10","slug":"plus-de-50-artistes-animeront-la-troisieme-edition","status":"publish","type":"post","link":"https:\/\/www.europesays.com\/fr\/118245\/","title":{"rendered":"plus de 50\u00a0artistes animeront la troisi\u00e8me \u00e9dition"},"content":{"rendered":"<p>Lanc\u00e9 en 2023, le festival Roulotte tango va pr\u00e9senter sa troisi\u00e8me \u00e9dition du 29 au 31\u00a0mai. Tout est pr\u00eat pour que les amateurs puissent passer trois jours de plaisir en compagnie d\u2019une cinquantaine de musiciens de tango, parmi les plus grands. \u00ab\u00a0Tout est cal\u00e9, assure Denis Lionnet, pr\u00e9sident du collectif organisateur, il ne nous reste plus que quelques petits d\u00e9tails \u00e0 r\u00e9gler.\u00a0\u00bb Le plus difficile a \u00e9t\u00e9 l\u2019organisation de l\u2019accueil de tous ces artistes, dont nombreux viennent d\u2019Argentine.<\/p>\n<p>Lorsqu\u2019a \u00e9t\u00e9 cr\u00e9\u00e9 le premier festival, peu pensaient qu\u2019il y aurait d\u2019autres \u00e9ditions et pourtant, \u00e0 la fin du mois, le troisi\u00e8me festival va se d\u00e9rouler toujours sur trois jours, sous la baguette de Gaspar Poca\u00ef, qui en sera le directeur artistique. Le Festival va accueillir 15 concerts, 5 chaque soir, qui vont se d\u00e9rouler, comme l\u2019ann\u00e9e derni\u00e8re, en alternance sous un chapiteau install\u00e9 sur le stade de la Maison de la culture et dans le th\u00e9\u00e2tre. \u00ab\u00a0On a la chance, se r\u00e9jouit Denis Lionnet, d\u2019avoir de&#8230;<\/p>\n","protected":false},"excerpt":{"rendered":"Lanc\u00e9 en 2023, le festival Roulotte tango va pr\u00e9senter sa troisi\u00e8me \u00e9dition du 29 au 31\u00a0mai. Tout est&hellip;\n","protected":false},"author":2,"featured_media":118246,"comment_status":"","ping_status":"","sticky":false,"template":"","format":"standard","meta":{"footnotes":""},"categories":[9653],"tags":[1111,11,2430,1687,7539,1777,674,10282,10283,1011,27,12,25,4001],"class_list":{"0":"post-118245","1":"post","2":"type-post","3":"status-publish","4":"format-standard","5":"has-post-thumbnail","7":"category-saint-etienne","8":"tag-actu","9":"tag-actualites","10":"tag-auvergne-rhone-alpes","11":"tag-culture-loisirs","12":"tag-edition-loire-sud","13":"tag-eu","14":"tag-europe","15":"tag-firminy","16":"tag-firminy-ville","17":"tag-fr","18":"tag-france","19":"tag-news","20":"tag-republique-francaise","21":"tag-saint-etienne"},"share_on_mastodon":{"url":"https:\/\/pubeurope.com\/@fr\/114548889548777915","error":""},"_links":{"self":[{"href":"https:\/\/www.europesays.com\/fr\/wp-json\/wp\/v2\/posts\/118245","targetHints":{"allow":["GET"]}}],"collection":[{"href":"https:\/\/www.europesays.com\/fr\/wp-json\/wp\/v2\/posts"}],"about":[{"href":"https:\/\/www.europesays.com\/fr\/wp-json\/wp\/v2\/types\/post"}],"author":[{"embeddable":true,"href":"https:\/\/www.europesays.com\/fr\/wp-json\/wp\/v2\/users\/2"}],"replies":[{"embeddable":true,"href":"https:\/\/www.europesays.com\/fr\/wp-json\/wp\/v2\/comments?post=118245"}],"version-history":[{"count":0,"href":"https:\/\/www.europesays.com\/fr\/wp-json\/wp\/v2\/posts\/118245\/revisions"}],"wp:featuredmedia":[{"embeddable":true,"href":"https:\/\/www.europesays.com\/fr\/wp-json\/wp\/v2\/media\/118246"}],"wp:attachment":[{"href":"https:\/\/www.europesays.com\/fr\/wp-json\/wp\/v2\/media?parent=118245"}],"wp:term":[{"taxonomy":"category","embeddable":true,"href":"https:\/\/www.europesays.com\/fr\/wp-json\/wp\/v2\/categories?post=118245"},{"taxonomy":"post_tag","embeddable":true,"href":"https:\/\/www.europesays.com\/fr\/wp-json\/wp\/v2\/tags?post=118245"}],"curies":[{"name":"wp","href":"https:\/\/api.w.org\/{rel}","templated":true}]}}