{"id":118247,"date":"2025-05-22T01:28:13","date_gmt":"2025-05-22T01:28:13","guid":{"rendered":"https:\/\/www.europesays.com\/fr\/118247\/"},"modified":"2025-05-22T01:28:13","modified_gmt":"2025-05-22T01:28:13","slug":"frederic-durand-chef-de-file-du-centre","status":"publish","type":"post","link":"https:\/\/www.europesays.com\/fr\/118247\/","title":{"rendered":"Fr\u00e9d\u00e9ric Durand chef de file du centre"},"content":{"rendered":"\n<p>A 10 mois de l&rsquo;\u00e9ch\u00e9ance, les choses se d\u00e9cantent dans la capitale de la Loire. Fr\u00e9d\u00e9ric Durand, adjoint au maire en charge des solidarit\u00e9s et conseiller m\u00e9tropolitain d\u00e9l\u00e9gu\u00e9 sera le chef de file sur Saint-Etienne et le d\u00e9partement de la Loire, pour les futures \u00e9lections municipales pour \u00ab\u00a0Les Centristes\/le Nouveau Centre\u00a0\u00bb.<\/p>\n<p>Pr\u00e9sid\u00e9 par Herv\u00e9 Morin, ancien ministre de la d\u00e9fense, le parti a d\u00e9sign\u00e9 Fr\u00e9d\u00e9ric Durand, qui explique \u00ab\u00a0avoir accept\u00e9 avec grand plaisir cette responsabilit\u00e9\u00a0\u00bb. Reste \u00e0 savoir si le centre fera union avec la droite, comme en 2014 et 2020, dans la capitale de la Loire.\u00a0<\/p>\n<p>\u00ab\u00a0Je m&rsquo;inscrit dans la continuit\u00e9 de mon engagement au sein de l\u2019\u00e9quipe municipale de Saint-Etienne, depuis 2014 avec Ga\u00ebl Perdriau au service des St\u00e9phanois\u00a0\u00bb, a avanc\u00e9 Fr\u00e9d\u00e9ric Durand dans un communiqu\u00e9. \u00ab\u00a0Nous comptons prendre toute notre place lors de ces prochaines \u00e9lections municipales afin que soient repr\u00e9sent\u00e9es nos valeurs centristes, humanistes, europ\u00e9ennes, de libert\u00e9, de protection des plus fragiles, en rejetant toute compromission avec l\u2019extr\u00e9misme et le populisme. C\u2019est ce \u00e0 quoi je vais m\u2019atteler d\u00e8s maintenant au cours des \u00a0prochaines semaines et tout au long des mois \u00e0 venir\u00a0\u00bb.<\/p>\n<p>Pour l&rsquo;heure, l&rsquo;actuel maire de Saint-Etienne n&rsquo;a pas annonc\u00e9 ses intentions.<\/p>\n","protected":false},"excerpt":{"rendered":"A 10 mois de l&rsquo;\u00e9ch\u00e9ance, les choses se d\u00e9cantent dans la capitale de la Loire. Fr\u00e9d\u00e9ric Durand, adjoint&hellip;\n","protected":false},"author":2,"featured_media":118248,"comment_status":"","ping_status":"","sticky":false,"template":"","format":"standard","meta":{"footnotes":""},"categories":[9653],"tags":[5734,1111,11,2430,3335,15990,11035,1777,674,1011,27,3367,16009,12,25,4001],"class_list":{"0":"post-118247","1":"post","2":"type-post","3":"status-publish","4":"format-standard","5":"has-post-thumbnail","7":"category-saint-etienne","8":"tag-5734","9":"tag-actu","10":"tag-actualites","11":"tag-auvergne-rhone-alpes","12":"tag-centre","13":"tag-durand","14":"tag-election","15":"tag-eu","16":"tag-europe","17":"tag-fr","18":"tag-france","19":"tag-loire","20":"tag-municipale","21":"tag-news","22":"tag-republique-francaise","23":"tag-saint-etienne"},"share_on_mastodon":{"url":"https:\/\/pubeurope.com\/@fr\/114548893513195295","error":""},"_links":{"self":[{"href":"https:\/\/www.europesays.com\/fr\/wp-json\/wp\/v2\/posts\/118247","targetHints":{"allow":["GET"]}}],"collection":[{"href":"https:\/\/www.europesays.com\/fr\/wp-json\/wp\/v2\/posts"}],"about":[{"href":"https:\/\/www.europesays.com\/fr\/wp-json\/wp\/v2\/types\/post"}],"author":[{"embeddable":true,"href":"https:\/\/www.europesays.com\/fr\/wp-json\/wp\/v2\/users\/2"}],"replies":[{"embeddable":true,"href":"https:\/\/www.europesays.com\/fr\/wp-json\/wp\/v2\/comments?post=118247"}],"version-history":[{"count":0,"href":"https:\/\/www.europesays.com\/fr\/wp-json\/wp\/v2\/posts\/118247\/revisions"}],"wp:featuredmedia":[{"embeddable":true,"href":"https:\/\/www.europesays.com\/fr\/wp-json\/wp\/v2\/media\/118248"}],"wp:attachment":[{"href":"https:\/\/www.europesays.com\/fr\/wp-json\/wp\/v2\/media?parent=118247"}],"wp:term":[{"taxonomy":"category","embeddable":true,"href":"https:\/\/www.europesays.com\/fr\/wp-json\/wp\/v2\/categories?post=118247"},{"taxonomy":"post_tag","embeddable":true,"href":"https:\/\/www.europesays.com\/fr\/wp-json\/wp\/v2\/tags?post=118247"}],"curies":[{"name":"wp","href":"https:\/\/api.w.org\/{rel}","templated":true}]}}