{"id":118249,"date":"2025-05-22T01:29:20","date_gmt":"2025-05-22T01:29:20","guid":{"rendered":"https:\/\/www.europesays.com\/fr\/118249\/"},"modified":"2025-05-22T01:29:20","modified_gmt":"2025-05-22T01:29:20","slug":"photos-jenifer-et-son-jukebox-tour-mette-en-effervescence-lespace-chaudeau-a-ludres","status":"publish","type":"post","link":"https:\/\/www.europesays.com\/fr\/118249\/","title":{"rendered":"Photos . Jenifer et son Jukebox Tour mette en effervescence l\u2019Espace Chaudeau \u00e0 Ludres"},"content":{"rendered":"<p>La venue de l\u2019artiste est toujours un moment attendu. Du c\u00f4t\u00e9 de ses fans de la premi\u00e8re heure d\u2019une part, mais aussi des nouvelles g\u00e9n\u00e9rations trouvant en Jenifer un r\u00e9pertoire inspirant. Et parmi ces inconditionnels, nombreux sont ceux \u00e0 ne pas savoir qu\u2019elle a \u00e9t\u00e9 la gagnante de la premi\u00e8re Star Academy. Preuve que l\u2019essentiel est ailleurs. Notamment dans son r\u00e9pertoire, que Jenifer n\u2019a eu de cesse de faire \u00e9voluer gr\u00e2ce aux multiples auteurs et compositeurs de haute vol\u00e9e, travaillant avec elle\u2026 Lui permettant de faire sa \u00ab\u200aR\u00e9volution\u200a\u00bb qu\u2019elle a men\u00e9e, ce mercredi, \u00e0 la fin de son concert.<br \/>Un set rondement men\u00e9 \u00e0 l\u2019Espace Chaudeau, d\u00e9roulant plus de vingt titres composant son Jukebox Tour. Et cette tourn\u00e9e, C\u2019est de l\u2019Or\u2026 De L\u2019Amour Fou aussi\u2026 Des Choses Simples en attendant l\u2019amour\u2026 Le temps d\u2019une \u00ab\u200aIdylle\u200a\u00bb v\u00e9cue intens\u00e9ment le temps d\u2019un concert intimiste que les fans, debout d\u00e8s les premiers accords, ont construit, en partie, gr\u00e2ce un QR Code magique. Histoire de rendre ce moment unique.<\/p>\n","protected":false},"excerpt":{"rendered":"La venue de l\u2019artiste est toujours un moment attendu. Du c\u00f4t\u00e9 de ses fans de la premi\u00e8re heure&hellip;\n","protected":false},"author":2,"featured_media":118250,"comment_status":"","ping_status":"","sticky":false,"template":"","format":"standard","meta":{"footnotes":""},"categories":[9635],"tags":[1111,11,1704,1777,674,1011,27,5325,2798,775,11413,873,1702,12,25],"class_list":{"0":"post-118249","1":"post","2":"type-post","3":"status-publish","4":"format-standard","5":"has-post-thumbnail","7":"category-nancy","8":"tag-actu","9":"tag-actualites","10":"tag-edition-nancy-et-agglomeration","11":"tag-eu","12":"tag-europe","13":"tag-fr","14":"tag-france","15":"tag-galerie-media","16":"tag-galerie-photo","17":"tag-grand-est","18":"tag-ludres","19":"tag-musique","20":"tag-nancy","21":"tag-news","22":"tag-republique-francaise"},"share_on_mastodon":{"url":"https:\/\/pubeurope.com\/@fr\/114548897447450568","error":""},"_links":{"self":[{"href":"https:\/\/www.europesays.com\/fr\/wp-json\/wp\/v2\/posts\/118249","targetHints":{"allow":["GET"]}}],"collection":[{"href":"https:\/\/www.europesays.com\/fr\/wp-json\/wp\/v2\/posts"}],"about":[{"href":"https:\/\/www.europesays.com\/fr\/wp-json\/wp\/v2\/types\/post"}],"author":[{"embeddable":true,"href":"https:\/\/www.europesays.com\/fr\/wp-json\/wp\/v2\/users\/2"}],"replies":[{"embeddable":true,"href":"https:\/\/www.europesays.com\/fr\/wp-json\/wp\/v2\/comments?post=118249"}],"version-history":[{"count":0,"href":"https:\/\/www.europesays.com\/fr\/wp-json\/wp\/v2\/posts\/118249\/revisions"}],"wp:featuredmedia":[{"embeddable":true,"href":"https:\/\/www.europesays.com\/fr\/wp-json\/wp\/v2\/media\/118250"}],"wp:attachment":[{"href":"https:\/\/www.europesays.com\/fr\/wp-json\/wp\/v2\/media?parent=118249"}],"wp:term":[{"taxonomy":"category","embeddable":true,"href":"https:\/\/www.europesays.com\/fr\/wp-json\/wp\/v2\/categories?post=118249"},{"taxonomy":"post_tag","embeddable":true,"href":"https:\/\/www.europesays.com\/fr\/wp-json\/wp\/v2\/tags?post=118249"}],"curies":[{"name":"wp","href":"https:\/\/api.w.org\/{rel}","templated":true}]}}