{"id":118258,"date":"2025-05-22T01:34:15","date_gmt":"2025-05-22T01:34:15","guid":{"rendered":"https:\/\/www.europesays.com\/fr\/118258\/"},"modified":"2025-05-22T01:34:15","modified_gmt":"2025-05-22T01:34:15","slug":"lecole-joan-miro-a-son-nouveau-parvis","status":"publish","type":"post","link":"https:\/\/www.europesays.com\/fr\/118258\/","title":{"rendered":"l&rsquo;\u00e9cole Joan Mir\u00f3 a son nouveau parvis"},"content":{"rendered":"<p>            Par<br \/>\n        <strong><br \/>\n            <a href=\"https:\/\/actu.fr\/auteur\/a-saliba\" title=\"Consulter tous les articles de Alexandre Saliba\" rel=\"nofollow noopener\" target=\"_blank\">Alexandre Saliba<\/a><br \/>\n        <\/strong><\/p>\n<p>        Publi\u00e9 le<\/p>\n<p>            21 mai 2025 \u00e0 16h01        <\/p>\n<p>Apr\u00e8s plusieurs mois de r\u00e9flexion et presque un an de travaux, <strong>l\u2019\u00e9cole Joan Mir\u00f3<\/strong> peut enfin profiter de son nouveau <strong>parvis \u00ab\u00a0\u00e0 hauteur d\u2019enfant.\u00a0\u00bb<\/strong> Des bancs, des arbres et une pergola, le tout sur une <strong>rue d\u00e9sormais int\u00e9gralement pi\u00e9tonne<\/strong> pour \u00ab\u00a0prot\u00e9ger les enfants\u00a0\u00bb : voil\u00e0 le paysage dans lequel \u00e9volueront d\u00e9sormais les \u00e9l\u00e8ves de Joan Mir\u00f3, dans le quartier Port-Marianne. Le maire de Montpellier <strong>Micha\u00ebl Delafosse<\/strong> \u00e9tait pr\u00e9sent ce lundi \u00e0 l\u2019heure de la sortie scolaire pour inaugurer le nouveau parvis.<\/p>\n<p>    <a href=\"https:\/\/www.google.com\/maps\/embed?pb=!1m18!1m12!1m3!1d2889.4580606588784!2d3.9006344750923527!3d43.59700335606525!2m3!1f0!2f0!3f0!3m2!1i1024!2i768!4f13.1!3m3!1m2!1s0x12b6afd110f41fb7%3A0xee43f28da8e02e77!2s%C3%89cole%20maternelle%20et%20primaire%20Joan%20Miro!5e0!3m2!1sfr!2sfr!4v1747729811932!5m2!1sfr!2sfr\" title=\"Ouvrie le lien\" rel=\"nofollow noopener\" target=\"_blank\">Cliquez ici pour visualiser le contenu<\/a><\/p>\n<p class=\" wall-content\">Ce projet de \u00ab\u00a0parvis \u00e0 hauteur d\u2019enfant\u00a0\u00bb fait partie du Plan Ecole 2030 (la ville compte investir 400 millions d\u2019euros pour les \u00e9coles) et le dispositif Rue aux \u00e9coliers lanc\u00e9 en 2021 (Montpellier veut permettre aux enfants de se rendre \u00e0 l\u2019\u00e9cole en toute s\u00e9curit\u00e9 et par d\u2019autres moyens que la voiture). Le budget consacr\u00e9 \u00e0 cet am\u00e9nagement est de 320 000 \u20ac et il semble avoir rencontr\u00e9 un grand succ\u00e8s aupr\u00e8s des parents d\u2019\u00e9l\u00e8ves, mais aussi chez les premiers concern\u00e9s, les \u00e9coliers, pr\u00e9sents ce lundi 19 mai lors de son inauguration.<\/p>\n<p>    <img   decoding=\"async\" loading=\"lazy\" src=\"https:\/\/www.europesays.com\/fr\/wp-content\/uploads\/2025\/05\/parvis-christophe-ruiz-960x640.png\" alt=\"Le nouveau parvis de l'\u00e9cole Joan Mir\u00f3 est int\u00e9gralement pi\u00e9tonnier.\" width=\"960\" height=\"640\"\/><br \/>\n    Le nouveau parvis de l\u2019\u00e9cole Joan Mir\u00f3 est int\u00e9gralement pi\u00e9tonnier. (\u00a9Christophe Ruiz)Pas de tyrolienne devant l\u2019\u00e9cole Joan Mir\u00f3<\/p>\n<p class=\" wall-content\">Ces derniers ont d\u2019ailleurs eu la part belle lors de cette organisation. Impliqu\u00e9s dans la conception du parvis, certains \u00e9l\u00e8ves ont pris la parole au micro pour remercier le maire de Montpellier. Dans leur texte partag\u00e9 entre plusieurs interlocuteurs, les enfants ont regrett\u00e9 que certaines de leurs id\u00e9es n\u2019aient pas \u00e9t\u00e9 conserv\u00e9es par la mairie : pas de cabane magique dans les arbres, ni de tyrolienne malheureusement, mais au moins un espace avec les arbres qu\u2019ils avaient demand\u00e9 et assez de place pour courir et jouer au loup.<\/p>\n<p>Vid\u00e9os : en ce moment sur Actu<br \/>\n    <img   decoding=\"async\" loading=\"lazy\" src=\"https:\/\/www.europesays.com\/fr\/wp-content\/uploads\/2025\/05\/20250519-170305-960x640.jpg\" alt=\"Les enfants ont lu un texte en groupe lors de l'inauguration, non sans difficult\u00e9 mais avec un enthousiasme d\u00e9bordant.\" width=\"960\" height=\"640\"\/><br \/>\n    Les enfants ont lu un texte en groupe lors de l\u2019inauguration, non sans difficult\u00e9 mais avec un enthousiasme d\u00e9bordant. (\u00a9M\u00e9tropolitain\/AS)<\/p>\n<p class=\" wall-content\">Micha\u00ebl Delafosse a ensuite pris le relais, sans toutefois oublier les enfants plac\u00e9s sur le banc en face de lui puisqu\u2019ils ont parfois pu r\u00e9pondre \u00e0 certaines de ses questions : \u00ab\u00a0\u00e0 quoi sert un banc ?\u00a0\u00bb ou \u00ab\u00a0pourquoi est-ce qu\u2019on a voulu plusieurs arbres ?\u00a0\u00bb L\u2019urbaniste en charge de cet am\u00e9nagement, Pierre Tourre, a \u00e9t\u00e9 pr\u00e9sent\u00e9 \u00e0 la foule et remerci\u00e9 publiquement lui aussi.<\/p>\n<p>Am\u00e9liorer la ville en am\u00e9liorant les parvis d\u2019\u00e9cole<\/p>\n<p class=\" wall-content\">Pour le maire de Montpellier, les projets tels que celui-ci rev\u00eatent une importance plus grande qu\u2019il n\u2019y parait. Remplacer une voie routi\u00e8re par un parvis pi\u00e9tonnier, y installer des bancs et une pergola pour un peu d\u2019ombre, c\u2019est \u00ab\u00a0valoriser l\u2019espace public d\u2019accord, mais surtout valoriser les relations humaines, qu\u2019elles passent par des jeux, des discussions ou m\u00eame des pr\u00e9paratifs d\u2019anniversaire. Prendre soin des enfants, c\u2019est prendre soin de la ville.\u00a0\u00bb<\/p>\n<p class=\" wall-content\">Suivez toute l\u2019actualit\u00e9 de vos villes et m\u00e9dias favoris en vous inscrivant \u00e0 <a href=\"https:\/\/moncompte.actu.fr\" title=\"D\u00e9couvez Mon Actu\" rel=\"nofollow noopener\" data-trk=\"{&quot;cta&quot;:{&quot;action&quot;:&quot;https:\\\/\\\/moncompte.actu.fr&quot;,&quot;category&quot;:&quot;mon compte&quot;,&quot;from&quot;:&quot;article footer&quot;,&quot;name&quot;:&quot;Mon actu&quot;,&quot;type&quot;:&quot;cta&quot;}}\" target=\"_blank\">Mon Actu<\/a>.<\/p>\n","protected":false},"excerpt":{"rendered":"Par Alexandre Saliba Publi\u00e9 le 21 mai 2025 \u00e0 16h01 Apr\u00e8s plusieurs mois de r\u00e9flexion et presque un&hellip;\n","protected":false},"author":2,"featured_media":118259,"comment_status":"","ping_status":"","sticky":false,"template":"","format":"standard","meta":{"footnotes":""},"categories":[9599],"tags":[1111,11,1057,1719,1777,674,1011,27,2208,12,2680,25,104],"class_list":{"0":"post-118258","1":"post","2":"type-post","3":"status-publish","4":"format-standard","5":"has-post-thumbnail","7":"category-montpellier","8":"tag-actu","9":"tag-actualites","10":"tag-education","11":"tag-enfants","12":"tag-eu","13":"tag-europe","14":"tag-fr","15":"tag-france","16":"tag-montpellier","17":"tag-news","18":"tag-occitanie","19":"tag-republique-francaise","20":"tag-societe"},"share_on_mastodon":{"url":"https:\/\/pubeurope.com\/@fr\/114548917472062977","error":""},"_links":{"self":[{"href":"https:\/\/www.europesays.com\/fr\/wp-json\/wp\/v2\/posts\/118258","targetHints":{"allow":["GET"]}}],"collection":[{"href":"https:\/\/www.europesays.com\/fr\/wp-json\/wp\/v2\/posts"}],"about":[{"href":"https:\/\/www.europesays.com\/fr\/wp-json\/wp\/v2\/types\/post"}],"author":[{"embeddable":true,"href":"https:\/\/www.europesays.com\/fr\/wp-json\/wp\/v2\/users\/2"}],"replies":[{"embeddable":true,"href":"https:\/\/www.europesays.com\/fr\/wp-json\/wp\/v2\/comments?post=118258"}],"version-history":[{"count":0,"href":"https:\/\/www.europesays.com\/fr\/wp-json\/wp\/v2\/posts\/118258\/revisions"}],"wp:featuredmedia":[{"embeddable":true,"href":"https:\/\/www.europesays.com\/fr\/wp-json\/wp\/v2\/media\/118259"}],"wp:attachment":[{"href":"https:\/\/www.europesays.com\/fr\/wp-json\/wp\/v2\/media?parent=118258"}],"wp:term":[{"taxonomy":"category","embeddable":true,"href":"https:\/\/www.europesays.com\/fr\/wp-json\/wp\/v2\/categories?post=118258"},{"taxonomy":"post_tag","embeddable":true,"href":"https:\/\/www.europesays.com\/fr\/wp-json\/wp\/v2\/tags?post=118258"}],"curies":[{"name":"wp","href":"https:\/\/api.w.org\/{rel}","templated":true}]}}