{"id":11826,"date":"2025-04-09T04:59:13","date_gmt":"2025-04-09T04:59:13","guid":{"rendered":"https:\/\/www.europesays.com\/fr\/11826\/"},"modified":"2025-04-09T04:59:13","modified_gmt":"2025-04-09T04:59:13","slug":"gerard-depardieu-sapplique-a-etre-degueulasse-marilou-berry-degoutee-par-son-proces","status":"publish","type":"post","link":"https:\/\/www.europesays.com\/fr\/11826\/","title":{"rendered":"G\u00e9rard Depardieu \u00ab\u00a0s\u2019applique \u00e0 \u00eatre d\u00e9gueulasse\u00a0\u00bb : Marilou Berry d\u00e9gout\u00e9e par son proc\u00e8s"},"content":{"rendered":"<p>      R\u00e9sum\u00e9<\/p>\n<p>Marilou Berry d\u00e9nonce le proc\u00e8s de G\u00e9rard Depardieu, qui se compla\u00eet \u00e0 \u00eatre d\u00e9gueulasse et remet en question la position des victimes, notamment celle de Charlotte Arnould.<\/p>\n<p>        Sommaire<\/p>\n<p>Apr\u00e8s <a href=\"https:\/\/www.public.fr\/une-manipulation-de-masse-josiane-balasko-tourne-le-dos-a-sa-fille-marilou-berry-et-defend-fermement-gerard-depardieu\" target=\"_blank\" rel=\"noopener\">Josiane Balasko, qui avait collabor\u00e9 avec G\u00e9rard Depardieu<\/a> dans \u00ab\u00a0Trop belle pour toi\u00a0\u00bb en 1989, <strong>c&rsquo;est sa fille, Marilou Berry<\/strong>, qui monte au cr\u00e9neau contre l&rsquo;acteur.<\/p>\n<p>Pour rappel, sa m\u00e8re avait expliqu\u00e9, en 2024 dans les colonnes de Paris Match, qu&rsquo;elle n&rsquo;avait pas remarqu\u00e9 d&rsquo;agissements d\u00e9plac\u00e9s chez l&rsquo;acteur au moment de leur tournage. Mais elle avait aussi souhait\u00e9 \u00ab\u00a0<strong>qu&rsquo;il soit condamn\u00e9 s&rsquo;il est coupable\u00a0\u00bb<\/strong> des accusations port\u00e9es contre lui.<\/p>\n<p>De son c\u00f4t\u00e9, Marilou Berry y a mis un peu moins de formes. Ce 2 avril 2025, interrog\u00e9e dans l&rsquo;\u00e9mission Clique, sur Canal +, <strong>l&rsquo;actrice a tacl\u00e9 G\u00e9rard Depardieu.<\/strong> Elle a \u00e9galement d\u00e9nonc\u00e9 le cirque de son proc\u00e8s.<\/p>\n<p>G\u00e9rard Depardieu d\u00e9gueulasse pour Marilou Berry<\/p>\n<p>En effet, Marilou Berry a d&rsquo;abord estim\u00e9 : \u00ab\u00a0Alors lui il est absolument monstrueux, ne serait-ce que par ce qu&rsquo;il veut montrer de lui-m\u00eame\u00a0\u00bb. <\/p>\n<p>Et d&rsquo;ajouter : \u00ab\u00a0Parce que j&rsquo;ai l&rsquo;impression <strong>qu&rsquo;il s&rsquo;applique \u00e0 \u00eatre absolument d\u00e9gueulasse<\/strong>, comme un trait d&rsquo;honneur\u00a0\u00bb. Caricaturant la star, elle l&rsquo;a ensuite imit\u00e9 : \u00ab\u00a0Moi je suis d\u00e9gueulasse, et alors ? Ouais, moi, je suis d\u00e9gueulasse\u00a0\u00bb.<\/p>\n<p>Engag\u00e9e depuis plusieurs ann\u00e9es aupr\u00e8s de sa cousine, Coline, <a href=\"https:\/\/vsd.fr\/65350-nous-pouvons-enfin-dire-justice-coline-la-fille-de-richard-berry-desormais-relaxee-des-accusations-de-diffamation\/\" target=\"_blank\" rel=\"noopener\">qui a port\u00e9 plainte contre son p\u00e8re, Richard Berry<\/a>, Marilou Berry regrette : <strong>\u00ab\u00a0Mais G\u00e9rard Depardieu comme tant d&rsquo;autres&#8230;\u00a0\u00bb.<\/strong><\/p>\n<p>Un proc\u00e8s \u00ab\u00a0horrible\u00a0\u00bb<\/p>\n<p>Elle en a profit\u00e9 pour revenir sur le proc\u00e8s qui s&rsquo;est tenu \u00e0 Paris, \u00e0 la fin du mois de mars 2025. Alors qu&rsquo;on attend encore le verdict, Marilou Berry a d\u00e9plor\u00e9 : \u00ab\u00a0Mais le proc\u00e8s de G\u00e9rard Depardieu est honteux par bien d&rsquo;autres\u2026 <strong>La position des victimes, encore une fois, est horrible\u00a0\u00bb. <br \/><\/strong><br \/>La jeune femme en veut <a href=\"https:\/\/www.public.fr\/tes-journaliste-toi-bruce-toussaint-lavocat-de-gerard-depardieu-sen-prend-a-un-de-ses-chroniqueurs\" target=\"_blank\" rel=\"noopener\">particuli\u00e8rement \u00e0 Me J\u00e9r\u00e9my Assous<\/a>, qui s&rsquo;est charg\u00e9 de la d\u00e9fense de G\u00e9rard Depardieu. <\/p>\n<p>Et elle rapporte : \u00ab\u00a0Je pense \u00e0 Charlotte Arnould, sa position est horrible. Un avocat ne devrait pas pouvoir <strong>passer 4 jours de plaidoiries \u00e0 dire que ces femmes sont hyst\u00e9riques<\/strong>, folles, singer les voix, dire que c&rsquo;est des menteuses, \u00e7a ne devrait pas \u00eatre possible\u00a0\u00bb.<\/p>\n<p>      Mentionn\u00e9s dans cet article<\/p>\n<p>\u00c0 lire aussi<\/p>\n","protected":false},"excerpt":{"rendered":"R\u00e9sum\u00e9 Marilou Berry d\u00e9nonce le proc\u00e8s de G\u00e9rard Depardieu, qui se compla\u00eet \u00e0 \u00eatre d\u00e9gueulasse et remet en&hellip;\n","protected":false},"author":2,"featured_media":11827,"comment_status":"","ping_status":"","sticky":false,"template":"","format":"standard","meta":{"footnotes":""},"categories":[1359],"tags":[58,59,1011,27,302,5546,973,797],"class_list":{"0":"post-11826","1":"post","2":"type-post","3":"status-publish","4":"format-standard","5":"has-post-thumbnail","7":"category-people","8":"tag-divertissement","9":"tag-entertainment","10":"tag-fr","11":"tag-france","12":"tag-gerard-depardieu","13":"tag-marilou-berry","14":"tag-people","15":"tag-violences-faites-aux-femmes"},"share_on_mastodon":{"url":"https:\/\/pubeurope.com\/@fr\/114306243814249496","error":""},"_links":{"self":[{"href":"https:\/\/www.europesays.com\/fr\/wp-json\/wp\/v2\/posts\/11826","targetHints":{"allow":["GET"]}}],"collection":[{"href":"https:\/\/www.europesays.com\/fr\/wp-json\/wp\/v2\/posts"}],"about":[{"href":"https:\/\/www.europesays.com\/fr\/wp-json\/wp\/v2\/types\/post"}],"author":[{"embeddable":true,"href":"https:\/\/www.europesays.com\/fr\/wp-json\/wp\/v2\/users\/2"}],"replies":[{"embeddable":true,"href":"https:\/\/www.europesays.com\/fr\/wp-json\/wp\/v2\/comments?post=11826"}],"version-history":[{"count":0,"href":"https:\/\/www.europesays.com\/fr\/wp-json\/wp\/v2\/posts\/11826\/revisions"}],"wp:featuredmedia":[{"embeddable":true,"href":"https:\/\/www.europesays.com\/fr\/wp-json\/wp\/v2\/media\/11827"}],"wp:attachment":[{"href":"https:\/\/www.europesays.com\/fr\/wp-json\/wp\/v2\/media?parent=11826"}],"wp:term":[{"taxonomy":"category","embeddable":true,"href":"https:\/\/www.europesays.com\/fr\/wp-json\/wp\/v2\/categories?post=11826"},{"taxonomy":"post_tag","embeddable":true,"href":"https:\/\/www.europesays.com\/fr\/wp-json\/wp\/v2\/tags?post=11826"}],"curies":[{"name":"wp","href":"https:\/\/api.w.org\/{rel}","templated":true}]}}